{"id":21406,"date":"2012-12-12T11:31:00","date_gmt":"2012-12-12T11:31:00","guid":{"rendered":"http:\/\/localhost:81\/wp1\/?p=21406"},"modified":"2012-12-12T11:31:00","modified_gmt":"2012-12-12T11:31:00","slug":"caritas-pede-salvaguarda-e-promocao-da-justica-social-em-portugal","status":"publish","type":"post","link":"https:\/\/sites.ecclesia.pt\/cv\/caritas-pede-salvaguarda-e-promocao-da-justica-social-em-portugal\/","title":{"rendered":"C\u00e1ritas pede &#8220;salvaguarda&#8221; e promo\u00e7\u00e3o da justi\u00e7a social em Portugal"},"content":{"rendered":"<p>Organiza\u00e7\u00e3o cat\u00f3lica foi distinguida no Parlamento pela sua atividade \u201cinquebrant\u00e1vel\u201d contra a pobreza e a exclus\u00e3o.<\/p>\n<p>O presidente da C\u00e1ritas Portuguesa recebeu na segunda-feira, na Assembleia da Rep\u00fablica, o Pr\u00e9mio Direitos Humanos 2012 entregue pelo Parlamento \u00e0 organiza\u00e7\u00e3o cat\u00f3lica, destacando a necessidade de defender e promover a justi\u00e7a social no pa\u00eds.<\/p>\n<p>\u201cA C\u00e1ritas acolhe este pr\u00e9mio como sinal de reconhecimento pelo trabalho de anima\u00e7\u00e3o de diversos organismos eclesiais presentes na operatividade dos Direitos Humanos, sobretudo na salvaguarda concreta de direitos sociais\u201d, disse Eug\u00e9nio Fonseca, no discurso que proferiu ap\u00f3s aceitar o galard\u00e3o.<\/p>\n<p>Na abertura do encontro, o presidente da Comiss\u00e3o de Assuntos Constitucionais, Direitos, Liberdades e Garantias, que promoveu a cerim\u00f3nia, apresentou a organiza\u00e7\u00e3o cat\u00f3lica de solidariedade como uma \u201cinstitui\u00e7\u00e3o com inquebrant\u00e1vel e reconhecida atividade na defesa da dignidade do ser humano\u201d.<\/p>\n<p>Fernando Negr\u00e3o elogiou o papel de \u201cden\u00fancia aud\u00edvel da pobreza e exclus\u00e3o social e de combate feroz ao estigma da emergente pobreza envergonhada e invis\u00edvel\u201d da C\u00e1ritas, \u201ccolocando as pessoas no n\u00facleo de todas as suas a\u00e7\u00f5es\u201d e n\u00e3o \u201cbuscando o reconhecimento f\u00e1cil, imediato ou medi\u00e1tico\u201d.<\/p>\n<p>Eug\u00e9nio Fonseca apelou \u00e0 supera\u00e7\u00e3o da dicotomia entre \u201ccaridade e justi\u00e7a, assist\u00eancia e direitos, a\u00e7\u00e3o pontual e desenvolvimento econ\u00f3mico-social\u201d. Segundo o l\u00edder da C\u00e1ritas Portuguesa, estas oposi\u00e7\u00f5es \u201cmuito difundidas\u201d t\u00eam tido como efeito \u201cprejudicar a a\u00e7\u00e3o social integral\u201d.<\/p>\n<p>Este respons\u00e1vel alertou para os \u201ccrescentes focos de instabilidade\u201d em todo o mundo e a \u201cinseguran\u00e7a geral sobre o futuro\u201d, sem deixar uma mensagem de esperan\u00e7a para \u201calimentar o sonho de felicidade que existe em cada portugu\u00eas\u201d.<\/p>\n<p>Eug\u00e9nio Fonseca concluiu a sua interven\u00e7\u00e3o com um \u201ccompromisso e um apelo\u201d, para que as entidades envolvidas no combate \u00e0 pobreza, \u201cviolentamente agravada na hora que passa\u201d, congreguem os seus esfor\u00e7os.<\/p>\n<p>\u201cMediante esta coopera\u00e7\u00e3o, teremos sempre presentes as situa\u00e7\u00f5es de pobreza e exclus\u00e3o, transmitidas diretamente por quem as vive no dia a dia\u201d, precisou, antes de pedir aos membros do Parlamento a cria\u00e7\u00e3o de leis que \u201csuperem as escandalosas desigualdades existentes e combatam outras injusti\u00e7as sociais\u201d.<\/p>\n<p>O Pr\u00e9mio Direitos Humanos 2012 foi atribu\u00eddo \u00e0 C\u00e1ritas Portuguesa pela sua interven\u00e7\u00e3o de \u201cresposta sempre presente aos pedidos de assist\u00eancia dos cidad\u00e3os que n\u00e3o t\u00eam possibilidades de garantir as suas necessidades b\u00e1sicas\u201d, em especial na presente situa\u00e7\u00e3o de \u201cemerg\u00eancia social\u201d. A cerim\u00f3nia de atribui\u00e7\u00e3o, presidida por Assun\u00e7\u00e3o Esteves, presidente da Assembleia da Rep\u00fablica, teve lugar no Sal\u00e3o Nobre do Pal\u00e1cio de S\u00e3o Bento e incluiu a proje\u00e7\u00e3o de um curto filme produzido pelo Canal Parlamento.<\/p>\n<p>Para esta respons\u00e1vel, os premiados representam os \u201cher\u00f3is an\u00f3nimos da consci\u00eancia sobre o outro\u201d que completam as \u201cmargens de inefic\u00e1cia e frustra\u00e7\u00e3o da justi\u00e7a\u201d.<\/p>\n<p>Al\u00e9m do galard\u00e3o \u00e0 C\u00e1ritas, foi atribu\u00edda a medalha de ouro comemorativa do 50.\u00ba anivers\u00e1rio da Declara\u00e7\u00e3o Universal dos Direitos do Homem a Isabel Fernandes, volunt\u00e1ria da organiza\u00e7\u00e3o n\u00e3o-governamental \u2018Ataca\u2019 e fundadora da Associa\u00e7\u00e3o \u2018Kutsemba\u2019, e a Miguel Neiva, mestre em Design, Comunica\u00e7\u00e3o e Marketing, \u201ccriador do C\u00f3digo ColorAdd, sistema de identifica\u00e7\u00e3o de cores para dalt\u00f3nicos\u201d.<\/p>\n<p>Em 1998, o Parlamento instituiu o 10 de dezembro de cada ano como \u201cDia Nacional dos Direitos Humanos\u201d.<\/p>\n<p>Ag. Ecclesia<\/p>\n","protected":false},"excerpt":{"rendered":"<p>Organiza\u00e7\u00e3o cat\u00f3lica foi distinguida no Parlamento pela sua atividade \u201cinquebrant\u00e1vel\u201d contra a pobreza e a exclus\u00e3o. O presidente da C\u00e1ritas Portuguesa recebeu na segunda-feira, na Assembleia da Rep\u00fablica, o Pr\u00e9mio Direitos Humanos 2012 entregue pelo Parlamento \u00e0 organiza\u00e7\u00e3o cat\u00f3lica, destacando a necessidade de defender e promover a justi\u00e7a social no pa\u00eds. \u201cA C\u00e1ritas acolhe este [&hellip;]<\/p>\n","protected":false},"author":1,"featured_media":0,"comment_status":"open","ping_status":"open","sticky":false,"template":"","format":"standard","meta":{"footnotes":""},"categories":[53],"tags":[],"class_list":["post-21406","post","type-post","status-publish","format-standard","hentry","category-igreja-em-portugal"],"_links":{"self":[{"href":"https:\/\/sites.ecclesia.pt\/cv\/wp-json\/wp\/v2\/posts\/21406","targetHints":{"allow":["GET"]}}],"collection":[{"href":"https:\/\/sites.ecclesia.pt\/cv\/wp-json\/wp\/v2\/posts"}],"about":[{"href":"https:\/\/sites.ecclesia.pt\/cv\/wp-json\/wp\/v2\/types\/post"}],"author":[{"embeddable":true,"href":"https:\/\/sites.ecclesia.pt\/cv\/wp-json\/wp\/v2\/users\/1"}],"replies":[{"embeddable":true,"href":"https:\/\/sites.ecclesia.pt\/cv\/wp-json\/wp\/v2\/comments?post=21406"}],"version-history":[{"count":0,"href":"https:\/\/sites.ecclesia.pt\/cv\/wp-json\/wp\/v2\/posts\/21406\/revisions"}],"wp:attachment":[{"href":"https:\/\/sites.ecclesia.pt\/cv\/wp-json\/wp\/v2\/media?parent=21406"}],"wp:term":[{"taxonomy":"category","embeddable":true,"href":"https:\/\/sites.ecclesia.pt\/cv\/wp-json\/wp\/v2\/categories?post=21406"},{"taxonomy":"post_tag","embeddable":true,"href":"https:\/\/sites.ecclesia.pt\/cv\/wp-json\/wp\/v2\/tags?post=21406"}],"curies":[{"name":"wp","href":"https:\/\/api.w.org\/{rel}","templated":true}]}}