{"id":21408,"date":"2012-12-12T11:32:00","date_gmt":"2012-12-12T11:32:00","guid":{"rendered":"http:\/\/localhost:81\/wp1\/?p=21408"},"modified":"2012-12-12T11:32:00","modified_gmt":"2012-12-12T11:32:00","slug":"rostos-palavras-77","status":"publish","type":"post","link":"https:\/\/sites.ecclesia.pt\/cv\/rostos-palavras-77\/","title":{"rendered":"Rostos &#038; Palavras"},"content":{"rendered":"<p>\u201cComo j\u00e1 o fizemos em outras situa\u00e7\u00f5es anteriores, continuaremos a garantir total colabora\u00e7\u00e3o para que a investiga\u00e7\u00e3o seja bem feita, guardaremos o necess\u00e1rio sil\u00eancio durante a investiga\u00e7\u00e3o e cumpriremos escrupulosamente as conclus\u00f5es do Tribunal\u201d.<\/p>\n<p>Da nota do Departamento de Informa\u00e7\u00e3o da Diocese de Guarda, na sequ\u00eancia  da deten\u00e7\u00e3o do vice-reitor do Semin\u00e1rio do Fund\u00e3o no \u00e2mbito de um inqu\u00e9rito sobre abuso sexual de crian\u00e7as. Na imagem, D. Manuel Fel\u00edcio, Bispo da Guarda.<\/p>\n","protected":false},"excerpt":{"rendered":"<p>\u201cComo j\u00e1 o fizemos em outras situa\u00e7\u00f5es anteriores, continuaremos a garantir total colabora\u00e7\u00e3o para que a investiga\u00e7\u00e3o seja bem feita, guardaremos o necess\u00e1rio sil\u00eancio durante a investiga\u00e7\u00e3o e cumpriremos escrupulosamente as conclus\u00f5es do Tribunal\u201d. Da nota do Departamento de Informa\u00e7\u00e3o da Diocese de Guarda, na sequ\u00eancia da deten\u00e7\u00e3o do vice-reitor do Semin\u00e1rio do Fund\u00e3o no [&hellip;]<\/p>\n","protected":false},"author":1,"featured_media":0,"comment_status":"open","ping_status":"open","sticky":false,"template":"","format":"standard","meta":{"footnotes":""},"categories":[53],"tags":[],"class_list":["post-21408","post","type-post","status-publish","format-standard","hentry","category-igreja-em-portugal"],"_links":{"self":[{"href":"https:\/\/sites.ecclesia.pt\/cv\/wp-json\/wp\/v2\/posts\/21408","targetHints":{"allow":["GET"]}}],"collection":[{"href":"https:\/\/sites.ecclesia.pt\/cv\/wp-json\/wp\/v2\/posts"}],"about":[{"href":"https:\/\/sites.ecclesia.pt\/cv\/wp-json\/wp\/v2\/types\/post"}],"author":[{"embeddable":true,"href":"https:\/\/sites.ecclesia.pt\/cv\/wp-json\/wp\/v2\/users\/1"}],"replies":[{"embeddable":true,"href":"https:\/\/sites.ecclesia.pt\/cv\/wp-json\/wp\/v2\/comments?post=21408"}],"version-history":[{"count":0,"href":"https:\/\/sites.ecclesia.pt\/cv\/wp-json\/wp\/v2\/posts\/21408\/revisions"}],"wp:attachment":[{"href":"https:\/\/sites.ecclesia.pt\/cv\/wp-json\/wp\/v2\/media?parent=21408"}],"wp:term":[{"taxonomy":"category","embeddable":true,"href":"https:\/\/sites.ecclesia.pt\/cv\/wp-json\/wp\/v2\/categories?post=21408"},{"taxonomy":"post_tag","embeddable":true,"href":"https:\/\/sites.ecclesia.pt\/cv\/wp-json\/wp\/v2\/tags?post=21408"}],"curies":[{"name":"wp","href":"https:\/\/api.w.org\/{rel}","templated":true}]}}