{"id":21410,"date":"2012-12-12T11:36:00","date_gmt":"2012-12-12T11:36:00","guid":{"rendered":"http:\/\/localhost:81\/wp1\/?p=21410"},"modified":"2012-12-12T11:36:00","modified_gmt":"2012-12-12T11:36:00","slug":"franca-23","status":"publish","type":"post","link":"https:\/\/sites.ecclesia.pt\/cv\/franca-23\/","title":{"rendered":"Fran\u00e7a"},"content":{"rendered":"<p>Crist\u00e3os no Mundo <!--more--> A Catedral de Notre Dame (Nossa Senhora), em Paris, inicia hoje a comemora\u00e7\u00e3o dos 850 anos do in\u00edcio de constru\u00e7\u00e3o e 150 de restaura\u00e7\u00e3o. A constru\u00e7\u00e3o de Notre Dame na \u00cele de la Cit\u00e9, pequena ilha no centro de Paris rodeada pelas \u00e1guas do rio Sena, durou 180 anos. Come\u00e7ou em 1163 e foi conclu\u00edda em 1345.<\/p>\n","protected":false},"excerpt":{"rendered":"<p>Crist\u00e3os no Mundo<\/p>\n","protected":false},"author":1,"featured_media":0,"comment_status":"open","ping_status":"open","sticky":false,"template":"","format":"standard","meta":{"footnotes":""},"categories":[55],"tags":[],"class_list":["post-21410","post","type-post","status-publish","format-standard","hentry","category-igreja-no-mundo"],"_links":{"self":[{"href":"https:\/\/sites.ecclesia.pt\/cv\/wp-json\/wp\/v2\/posts\/21410","targetHints":{"allow":["GET"]}}],"collection":[{"href":"https:\/\/sites.ecclesia.pt\/cv\/wp-json\/wp\/v2\/posts"}],"about":[{"href":"https:\/\/sites.ecclesia.pt\/cv\/wp-json\/wp\/v2\/types\/post"}],"author":[{"embeddable":true,"href":"https:\/\/sites.ecclesia.pt\/cv\/wp-json\/wp\/v2\/users\/1"}],"replies":[{"embeddable":true,"href":"https:\/\/sites.ecclesia.pt\/cv\/wp-json\/wp\/v2\/comments?post=21410"}],"version-history":[{"count":0,"href":"https:\/\/sites.ecclesia.pt\/cv\/wp-json\/wp\/v2\/posts\/21410\/revisions"}],"wp:attachment":[{"href":"https:\/\/sites.ecclesia.pt\/cv\/wp-json\/wp\/v2\/media?parent=21410"}],"wp:term":[{"taxonomy":"category","embeddable":true,"href":"https:\/\/sites.ecclesia.pt\/cv\/wp-json\/wp\/v2\/categories?post=21410"},{"taxonomy":"post_tag","embeddable":true,"href":"https:\/\/sites.ecclesia.pt\/cv\/wp-json\/wp\/v2\/tags?post=21410"}],"curies":[{"name":"wp","href":"https:\/\/api.w.org\/{rel}","templated":true}]}}