{"id":21416,"date":"2013-01-09T16:56:00","date_gmt":"2013-01-09T16:56:00","guid":{"rendered":"http:\/\/localhost:81\/wp1\/?p=21416"},"modified":"2013-01-09T16:56:00","modified_gmt":"2013-01-09T16:56:00","slug":"nao-podemos-baixar-os-bracos-diz-juventude-operaria-catolica","status":"publish","type":"post","link":"https:\/\/sites.ecclesia.pt\/cv\/nao-podemos-baixar-os-bracos-diz-juventude-operaria-catolica\/","title":{"rendered":"&#8220;N\u00e3o podemos baixar os bra\u00e7os&#8221;, diz Juventude Oper\u00e1ria Cat\u00f3lica"},"content":{"rendered":"<p>Motivos de \u201cesperan\u00e7a\u201d podem ser distinguidos \u201cem cada pessoa de bem\u201d que \u201cinterv\u00e9m positivamente\u201d.<\/p>\n<p>A Juventude Oper\u00e1ria Cat\u00f3lica (JOC) considera que os jovens crist\u00e3os devem resistir \u00e0s dificuldades econ\u00f3micas com uma atitude construtiva, comprometendo-se, no aumento das condi\u00e7\u00f5es de vida das pessoas mais desfavorecidas. \u201cComo jovens crist\u00e3os, sentimos que por mais dif\u00edceis que sejam os problemas, n\u00e3o podemos baixar os bra\u00e7os\u201d, frisa um texto publicado na edi\u00e7\u00e3o digital do Seman\u00e1rio Ecclesia.<\/p>\n<p>Os motivos de \u201cesperan\u00e7a\u201d podem ser distinguidos \u201cem cada crist\u00e3o, em cada pessoa de bem que est\u00e1 atenta \u00e0 realidade, que percebe a import\u00e2ncia do seu papel e da sua a\u00e7\u00e3o e que interv\u00e9m positivamente, procurando a transforma\u00e7\u00e3o do seu meio, atrav\u00e9s da partilha, da amizade, da solidariedade\u201d. \u201cPodemos n\u00e3o ter a capacidade de mudar o pa\u00eds, mas somos, certamente, capazes de ajudar a melhorar a vida de um vizinho, de um amigo ou at\u00e9 mesmo de um desconhecido que nos bate \u00e0 porta\u201d, sublinha o artigo, assinado pela JOC, intitulado \u201cPerspetivas dos jovens para 2013\u201d.<\/p>\n<p>O texto inclui o testemunho de \u00c2ngela Ferreira, de 23 anos, pertencente \u00e0 Juventude Oper\u00e1ria Cat\u00f3lica, que em 2012 concluiu a sua licenciatura e n\u00e3o encontrou emprego fixo dentro e fora da sua \u00e1rea de especializa\u00e7\u00e3o: \u201cTem sido um saltitar de trabalho em trabalho, ou melhor, de em \u2018\u00e0 experi\u00eancia\u2019 para em \u2018\u00e0 experi\u00eancia\u2019\u201d.<\/p>\n<p>\u201cToda esta incerteza dificultar-me-ia o vislumbrar de um 2013 com mais dignidade. Contudo, eu s\u00f3 consigo acreditar num futuro promissor para mim e para os que me rodeiam, pois apesar de todas as adversidades econ\u00f3micas e familiares, sempre consegui at\u00e9 hoje levar a cabo todos os projetos aos quais me entreguei\u201d, assinala. Apesar de prever que \u201cem 2013, muito possivelmente, o pa\u00eds n\u00e3o ir\u00e1 melhorar economicamente e, infelizmente, mais amigos ter\u00e3o de o abandonar\u201d, \u00c2ngela Ferreira salienta que \u201cPortugal est\u00e1 sedento de mentes positivas, din\u00e2micas e cheias de esperan\u00e7a\u201d.<\/p>\n<p>O texto recorda que a taxa de desemprego jovem chegou aos 39% em 2012, ano em que \u201cmuitos jovens sentiram a emigra\u00e7\u00e3o como \u00fanica solu\u00e7\u00e3o\u201d, enquanto outros \u201ctiveram de abdicar ou adiar a sua emancipa\u00e7\u00e3o\u201d.<\/p>\n<p>\u201cNa educa\u00e7\u00e3o, a reforma do ensino veio p\u00f4r ainda mais em causa a qualidade deste, bem como a equidade, tornando mais restrito o acesso aos apoios sociais\u201d, e a disciplina de \u2018Forma\u00e7\u00e3o C\u00edvica\u2019, que \u201cpoderia constituir uma fonte de esperan\u00e7a no que respeita \u00e0 educa\u00e7\u00e3o e \u00e0 forma\u00e7\u00e3o dos portugu\u00eas no \u00e2mbito da cidadania\u201d passou a n\u00e3o ser obrigat\u00f3ria, real\u00e7a a JOC.<\/p>\n<p>Ag. Ecclesia<\/p>\n","protected":false},"excerpt":{"rendered":"<p>Motivos de \u201cesperan\u00e7a\u201d podem ser distinguidos \u201cem cada pessoa de bem\u201d que \u201cinterv\u00e9m positivamente\u201d. A Juventude Oper\u00e1ria Cat\u00f3lica (JOC) considera que os jovens crist\u00e3os devem resistir \u00e0s dificuldades econ\u00f3micas com uma atitude construtiva, comprometendo-se, no aumento das condi\u00e7\u00f5es de vida das pessoas mais desfavorecidas. \u201cComo jovens crist\u00e3os, sentimos que por mais dif\u00edceis que sejam os [&hellip;]<\/p>\n","protected":false},"author":1,"featured_media":0,"comment_status":"open","ping_status":"open","sticky":false,"template":"","format":"standard","meta":{"footnotes":""},"categories":[53],"tags":[],"class_list":["post-21416","post","type-post","status-publish","format-standard","hentry","category-igreja-em-portugal"],"_links":{"self":[{"href":"https:\/\/sites.ecclesia.pt\/cv\/wp-json\/wp\/v2\/posts\/21416","targetHints":{"allow":["GET"]}}],"collection":[{"href":"https:\/\/sites.ecclesia.pt\/cv\/wp-json\/wp\/v2\/posts"}],"about":[{"href":"https:\/\/sites.ecclesia.pt\/cv\/wp-json\/wp\/v2\/types\/post"}],"author":[{"embeddable":true,"href":"https:\/\/sites.ecclesia.pt\/cv\/wp-json\/wp\/v2\/users\/1"}],"replies":[{"embeddable":true,"href":"https:\/\/sites.ecclesia.pt\/cv\/wp-json\/wp\/v2\/comments?post=21416"}],"version-history":[{"count":0,"href":"https:\/\/sites.ecclesia.pt\/cv\/wp-json\/wp\/v2\/posts\/21416\/revisions"}],"wp:attachment":[{"href":"https:\/\/sites.ecclesia.pt\/cv\/wp-json\/wp\/v2\/media?parent=21416"}],"wp:term":[{"taxonomy":"category","embeddable":true,"href":"https:\/\/sites.ecclesia.pt\/cv\/wp-json\/wp\/v2\/categories?post=21416"},{"taxonomy":"post_tag","embeddable":true,"href":"https:\/\/sites.ecclesia.pt\/cv\/wp-json\/wp\/v2\/tags?post=21416"}],"curies":[{"name":"wp","href":"https:\/\/api.w.org\/{rel}","templated":true}]}}