{"id":21443,"date":"2012-11-22T10:25:00","date_gmt":"2012-11-22T10:25:00","guid":{"rendered":"http:\/\/localhost:81\/wp1\/?p=21443"},"modified":"2012-11-22T10:25:00","modified_gmt":"2012-11-22T10:25:00","slug":"domingo-xxxiv-tempo-comum","status":"publish","type":"post","link":"https:\/\/sites.ecclesia.pt\/cv\/domingo-xxxiv-tempo-comum\/","title":{"rendered":"Domingo XXXIV  Tempo Comum"},"content":{"rendered":"<p>Leituras Dominicais <!--more--> 1.\u00aa LEITURA Dan 7, 13-14<\/p>\n<p>\u00abO seu poder \u00e9 eterno\u00bb<\/p>\n<p>Contemplava eu as vis\u00f5es da noite, quando, sobre as nuvens do c\u00e9u, veio algu\u00e9m semelhante a um filho do homem. Dirigiu-Se para o Anci\u00e3o vener\u00e1vel e conduziram-no \u00e0 sua presen\u00e7a. Foi-lhe entregue o poder, a honra e a realeza, e todos os povos, na\u00e7\u00f5es e l\u00ednguas O serviram. O seu poder \u00e9 eterno, n\u00e3o passar\u00e1 jamais, e o seu reino n\u00e3o ser\u00e1 destru\u00eddo.<\/p>\n<p>2.\u00aa LEITURA Ap 1, 5-8<\/p>\n<p>\u00abO Pr\u00edncipe dos reis da terra fez de n\u00f3s um reino de sacerdotes para Deus\u00bb<\/p>\n<p>Jesus Cristo \u00e9 a Testemunha fiel, o Primog\u00e9nito dos mortos, o Pr\u00edncipe dos reis da terra. \u00c0quele que nos ama e pelo seu sangue nos libertou do pecado e fez de n\u00f3s um reino de sacerdotes para Deus seu Pai, a Ele a gl\u00f3ria e o poder pelos s\u00e9culos dos s\u00e9culos. Amen. Ei-l\u2019O que vem entre as nuvens, e todos os olhos O ver\u00e3o, mesmo aqueles que O trespassaram; e por sua causa h\u00e3o-de lamentar-se todas as tribos da terra. Sim. Amen. \u00abEu sou o Alfa e o \u00d3mega\u00bb, diz o Senhor Deus, \u00abAquele que \u00e9, que era e que h\u00e1-de vir, o Senhor do Universo\u00bb.<\/p>\n<p>EVANGELHO Jo 18, 33b-37<\/p>\n<p>\u00ab\u00c9 como dizes: sou Rei\u00bb<\/p>\n<p>Naquele tempo, disse Pilatos a Jesus: \u00abTu \u00e9s o Rei dos Judeus?\u00bb. Jesus respondeu-lhe: \u00ab\u00c9 por ti que o dizes, ou foram outros que to disseram de Mim?\u00bb. Disse-Lhe Pilatos: \u00abPorventura eu sou judeu? O teu povo e os sumos sacerdotes \u00e9 que Te entregaram a mim. Que fizeste?\u00bb. Jesus respondeu: \u00abO meu reino n\u00e3o \u00e9 deste mundo. Se o meu reino fosse deste mundo, os meus guardas lutariam para que Eu n\u00e3o fosse entregue aos judeus. Mas o meu reino n\u00e3o \u00e9 daqui\u00bb. Disse-Lhe Pilatos: \u00abEnt\u00e3o, Tu \u00e9s Rei?\u00bb. Jesus respondeu-lhe: \u00ab\u00c9 como dizes: sou Rei. Para isso nasci e vim ao mundo, a fim de dar testemunho da verdade. Todo aquele que \u00e9 da verdade escuta a minha voz\u00bb.<\/p>\n","protected":false},"excerpt":{"rendered":"<p>Leituras Dominicais<\/p>\n","protected":false},"author":1,"featured_media":0,"comment_status":"open","ping_status":"open","sticky":false,"template":"","format":"standard","meta":{"footnotes":""},"categories":[52],"tags":[],"class_list":["post-21443","post","type-post","status-publish","format-standard","hentry","category-espiritualidade"],"_links":{"self":[{"href":"https:\/\/sites.ecclesia.pt\/cv\/wp-json\/wp\/v2\/posts\/21443","targetHints":{"allow":["GET"]}}],"collection":[{"href":"https:\/\/sites.ecclesia.pt\/cv\/wp-json\/wp\/v2\/posts"}],"about":[{"href":"https:\/\/sites.ecclesia.pt\/cv\/wp-json\/wp\/v2\/types\/post"}],"author":[{"embeddable":true,"href":"https:\/\/sites.ecclesia.pt\/cv\/wp-json\/wp\/v2\/users\/1"}],"replies":[{"embeddable":true,"href":"https:\/\/sites.ecclesia.pt\/cv\/wp-json\/wp\/v2\/comments?post=21443"}],"version-history":[{"count":0,"href":"https:\/\/sites.ecclesia.pt\/cv\/wp-json\/wp\/v2\/posts\/21443\/revisions"}],"wp:attachment":[{"href":"https:\/\/sites.ecclesia.pt\/cv\/wp-json\/wp\/v2\/media?parent=21443"}],"wp:term":[{"taxonomy":"category","embeddable":true,"href":"https:\/\/sites.ecclesia.pt\/cv\/wp-json\/wp\/v2\/categories?post=21443"},{"taxonomy":"post_tag","embeddable":true,"href":"https:\/\/sites.ecclesia.pt\/cv\/wp-json\/wp\/v2\/tags?post=21443"}],"curies":[{"name":"wp","href":"https:\/\/api.w.org\/{rel}","templated":true}]}}