{"id":21445,"date":"2012-11-28T15:22:00","date_gmt":"2012-11-28T15:22:00","guid":{"rendered":"http:\/\/localhost:81\/wp1\/?p=21445"},"modified":"2012-11-28T15:22:00","modified_gmt":"2012-11-28T15:22:00","slug":"rostos-palavras-78","status":"publish","type":"post","link":"https:\/\/sites.ecclesia.pt\/cv\/rostos-palavras-78\/","title":{"rendered":"Rostos &#038; Palavras"},"content":{"rendered":"<p>\u00c9 importante que os fi\u00e9is encararem \u201ca nova situa\u00e7\u00e3o do mundo e da Igreja a partir da esperan\u00e7a\u201d que Maria deixou na Cova da Iria, em 1917, uma \u201cesperan\u00e7a que n\u00e3o se orienta s\u00f3 por crit\u00e9rios terrenos mas que confia em Deus e se confia a Deus\u201d.<\/p>\n<p>D. Ant\u00f3nio Marto, Bispo de Leira-F\u00e1tima, na apresenta\u00e7\u00e3o do programa pastoral do terceiro ano de prepara\u00e7\u00e3o para o centen\u00e1rio das Apari\u00e7\u00f5es de F\u00e1tima, que tem como tema \u201cN\u00e3o tenhais medo\u201d.<\/p>\n","protected":false},"excerpt":{"rendered":"<p>\u00c9 importante que os fi\u00e9is encararem \u201ca nova situa\u00e7\u00e3o do mundo e da Igreja a partir da esperan\u00e7a\u201d que Maria deixou na Cova da Iria, em 1917, uma \u201cesperan\u00e7a que n\u00e3o se orienta s\u00f3 por crit\u00e9rios terrenos mas que confia em Deus e se confia a Deus\u201d. D. Ant\u00f3nio Marto, Bispo de Leira-F\u00e1tima, na apresenta\u00e7\u00e3o [&hellip;]<\/p>\n","protected":false},"author":1,"featured_media":0,"comment_status":"open","ping_status":"open","sticky":false,"template":"","format":"standard","meta":{"footnotes":""},"categories":[53],"tags":[],"class_list":["post-21445","post","type-post","status-publish","format-standard","hentry","category-igreja-em-portugal"],"_links":{"self":[{"href":"https:\/\/sites.ecclesia.pt\/cv\/wp-json\/wp\/v2\/posts\/21445","targetHints":{"allow":["GET"]}}],"collection":[{"href":"https:\/\/sites.ecclesia.pt\/cv\/wp-json\/wp\/v2\/posts"}],"about":[{"href":"https:\/\/sites.ecclesia.pt\/cv\/wp-json\/wp\/v2\/types\/post"}],"author":[{"embeddable":true,"href":"https:\/\/sites.ecclesia.pt\/cv\/wp-json\/wp\/v2\/users\/1"}],"replies":[{"embeddable":true,"href":"https:\/\/sites.ecclesia.pt\/cv\/wp-json\/wp\/v2\/comments?post=21445"}],"version-history":[{"count":0,"href":"https:\/\/sites.ecclesia.pt\/cv\/wp-json\/wp\/v2\/posts\/21445\/revisions"}],"wp:attachment":[{"href":"https:\/\/sites.ecclesia.pt\/cv\/wp-json\/wp\/v2\/media?parent=21445"}],"wp:term":[{"taxonomy":"category","embeddable":true,"href":"https:\/\/sites.ecclesia.pt\/cv\/wp-json\/wp\/v2\/categories?post=21445"},{"taxonomy":"post_tag","embeddable":true,"href":"https:\/\/sites.ecclesia.pt\/cv\/wp-json\/wp\/v2\/tags?post=21445"}],"curies":[{"name":"wp","href":"https:\/\/api.w.org\/{rel}","templated":true}]}}