{"id":21446,"date":"2012-11-28T15:25:00","date_gmt":"2012-11-28T15:25:00","guid":{"rendered":"http:\/\/localhost:81\/wp1\/?p=21446"},"modified":"2012-11-28T15:25:00","modified_gmt":"2012-11-28T15:25:00","slug":"inglaterra-20","status":"publish","type":"post","link":"https:\/\/sites.ecclesia.pt\/cv\/inglaterra-20\/","title":{"rendered":"Inglaterra"},"content":{"rendered":"<p>Crist\u00e3os no Mundo <!--more--> O pr\u00f3ximo arcebispo de Cantu\u00e1ria, Justin Welby, mostrou-se convencido de que em \u201calgum momento\u201d ordenar\u00e1 mulheres bispos, dois dias depois de o S\u00ednodo Geral da Igreja Anglicana n\u00e3o ter alcan\u00e7ado a maioria de dois ter\u00e7os em cada uma das c\u00e2maras. Os cl\u00e9rigos e os bispos aprovaram a mudan\u00e7a, mas nos leigos faltaram seis votos para a legisla\u00e7\u00e3o ser aprovada (132 votaram pela ordena\u00e7\u00e3o; 74 contra).<\/p>\n","protected":false},"excerpt":{"rendered":"<p>Crist\u00e3os no Mundo<\/p>\n","protected":false},"author":1,"featured_media":0,"comment_status":"open","ping_status":"open","sticky":false,"template":"","format":"standard","meta":{"footnotes":""},"categories":[55],"tags":[],"class_list":["post-21446","post","type-post","status-publish","format-standard","hentry","category-igreja-no-mundo"],"_links":{"self":[{"href":"https:\/\/sites.ecclesia.pt\/cv\/wp-json\/wp\/v2\/posts\/21446","targetHints":{"allow":["GET"]}}],"collection":[{"href":"https:\/\/sites.ecclesia.pt\/cv\/wp-json\/wp\/v2\/posts"}],"about":[{"href":"https:\/\/sites.ecclesia.pt\/cv\/wp-json\/wp\/v2\/types\/post"}],"author":[{"embeddable":true,"href":"https:\/\/sites.ecclesia.pt\/cv\/wp-json\/wp\/v2\/users\/1"}],"replies":[{"embeddable":true,"href":"https:\/\/sites.ecclesia.pt\/cv\/wp-json\/wp\/v2\/comments?post=21446"}],"version-history":[{"count":0,"href":"https:\/\/sites.ecclesia.pt\/cv\/wp-json\/wp\/v2\/posts\/21446\/revisions"}],"wp:attachment":[{"href":"https:\/\/sites.ecclesia.pt\/cv\/wp-json\/wp\/v2\/media?parent=21446"}],"wp:term":[{"taxonomy":"category","embeddable":true,"href":"https:\/\/sites.ecclesia.pt\/cv\/wp-json\/wp\/v2\/categories?post=21446"},{"taxonomy":"post_tag","embeddable":true,"href":"https:\/\/sites.ecclesia.pt\/cv\/wp-json\/wp\/v2\/tags?post=21446"}],"curies":[{"name":"wp","href":"https:\/\/api.w.org\/{rel}","templated":true}]}}