{"id":21450,"date":"2012-12-12T11:30:00","date_gmt":"2012-12-12T11:30:00","guid":{"rendered":"http:\/\/localhost:81\/wp1\/?p=21450"},"modified":"2012-12-12T11:30:00","modified_gmt":"2012-12-12T11:30:00","slug":"formacao-para-organistas-da-liturgia","status":"publish","type":"post","link":"https:\/\/sites.ecclesia.pt\/cv\/formacao-para-organistas-da-liturgia\/","title":{"rendered":"Forma\u00e7\u00e3o para organistas da liturgia"},"content":{"rendered":"<p>EDMUSA &#8211; II <!--more--> No desenvolvimento do seu projeto de forma\u00e7\u00e3o de diretores de coro, cantores e organistas, a EDMUSA (Escola Diocesana de M\u00fasica Sacra) organiza no pr\u00f3ximo dia 5 de janeiro (s\u00e1bado) das 14h30 \u00e0s 17h30 na Igreja da Sagrada Fam\u00edlia \u2013 Praia da Barra \u2013, a primeira de uma s\u00e9rie de a\u00e7\u00f5es de forma\u00e7\u00e3o dirigidas aos organistas das par\u00f3quias da Diocese de Aveiro e a alunos de \u00f3rg\u00e3o das escolas de m\u00fasica.<\/p>\n<p>Subordinada ao tema \u201cRegista\u00e7\u00e3o e acompanhamento I\u201d, esta sess\u00e3o de trabalho ser\u00e1 orientada pelo Doutor Ant\u00f3nio Mota, professor de \u00f3rg\u00e3o com vasta experi\u00eancia de ensino e autor de diversos trabalhos pedag\u00f3gicos, nomeadamente no campo espec\u00edfico do acompanhamento. A sess\u00e3o incidir\u00e1 na utiliza\u00e7\u00e3o dos registos apropriados, tanto no \u00f3rg\u00e3o de tubos como no eletr\u00f3nico, e no correto acompanhamento do canto lit\u00fargico.<\/p>\n<p>As inscri\u00e7\u00f5es decorrem at\u00e9 21 de dezembro (edmusa.aveiro@gmail.com; https:\/\/www.facebook.com\/edmusa; 91 021 81 62). <\/p>\n","protected":false},"excerpt":{"rendered":"<p>EDMUSA &#8211; II<\/p>\n","protected":false},"author":1,"featured_media":0,"comment_status":"open","ping_status":"open","sticky":false,"template":"","format":"standard","meta":{"footnotes":""},"categories":[70],"tags":[],"class_list":["post-21450","post","type-post","status-publish","format-standard","hentry","category-diocese"],"_links":{"self":[{"href":"https:\/\/sites.ecclesia.pt\/cv\/wp-json\/wp\/v2\/posts\/21450","targetHints":{"allow":["GET"]}}],"collection":[{"href":"https:\/\/sites.ecclesia.pt\/cv\/wp-json\/wp\/v2\/posts"}],"about":[{"href":"https:\/\/sites.ecclesia.pt\/cv\/wp-json\/wp\/v2\/types\/post"}],"author":[{"embeddable":true,"href":"https:\/\/sites.ecclesia.pt\/cv\/wp-json\/wp\/v2\/users\/1"}],"replies":[{"embeddable":true,"href":"https:\/\/sites.ecclesia.pt\/cv\/wp-json\/wp\/v2\/comments?post=21450"}],"version-history":[{"count":0,"href":"https:\/\/sites.ecclesia.pt\/cv\/wp-json\/wp\/v2\/posts\/21450\/revisions"}],"wp:attachment":[{"href":"https:\/\/sites.ecclesia.pt\/cv\/wp-json\/wp\/v2\/media?parent=21450"}],"wp:term":[{"taxonomy":"category","embeddable":true,"href":"https:\/\/sites.ecclesia.pt\/cv\/wp-json\/wp\/v2\/categories?post=21450"},{"taxonomy":"post_tag","embeddable":true,"href":"https:\/\/sites.ecclesia.pt\/cv\/wp-json\/wp\/v2\/tags?post=21450"}],"curies":[{"name":"wp","href":"https:\/\/api.w.org\/{rel}","templated":true}]}}