{"id":21465,"date":"2013-01-16T16:18:00","date_gmt":"2013-01-16T16:18:00","guid":{"rendered":"http:\/\/localhost:81\/wp1\/?p=21465"},"modified":"2013-01-16T16:18:00","modified_gmt":"2013-01-16T16:18:00","slug":"rostos-palavras-79","status":"publish","type":"post","link":"https:\/\/sites.ecclesia.pt\/cv\/rostos-palavras-79\/","title":{"rendered":"Rostos &#038; Palavras"},"content":{"rendered":"<p>\u201cTemos muito entre n\u00f3s um estilo de vida dos padres em que s\u00e3o reis e senhores. Um p\u00e1roco \u00e9 Papa, bispo e \u00e9 tudo. Devemos tomar consci\u00eancia de que sozinhos n\u00e3o chegamos a parte nenhuma e temos de realizar uma pastoral de conjunto, harm\u00f3nica, em comunh\u00e3o\u201d.<\/p>\n<p>D. Am\u00e2ndio Tom\u00e1s, bispo de Vila Real, em declara\u00e7\u00f5es \u00e0 Ag\u00eancia Ecclesia.<\/p>\n","protected":false},"excerpt":{"rendered":"<p>\u201cTemos muito entre n\u00f3s um estilo de vida dos padres em que s\u00e3o reis e senhores. Um p\u00e1roco \u00e9 Papa, bispo e \u00e9 tudo. Devemos tomar consci\u00eancia de que sozinhos n\u00e3o chegamos a parte nenhuma e temos de realizar uma pastoral de conjunto, harm\u00f3nica, em comunh\u00e3o\u201d. D. Am\u00e2ndio Tom\u00e1s, bispo de Vila Real, em declara\u00e7\u00f5es [&hellip;]<\/p>\n","protected":false},"author":1,"featured_media":0,"comment_status":"open","ping_status":"open","sticky":false,"template":"","format":"standard","meta":{"footnotes":""},"categories":[53],"tags":[],"class_list":["post-21465","post","type-post","status-publish","format-standard","hentry","category-igreja-em-portugal"],"_links":{"self":[{"href":"https:\/\/sites.ecclesia.pt\/cv\/wp-json\/wp\/v2\/posts\/21465","targetHints":{"allow":["GET"]}}],"collection":[{"href":"https:\/\/sites.ecclesia.pt\/cv\/wp-json\/wp\/v2\/posts"}],"about":[{"href":"https:\/\/sites.ecclesia.pt\/cv\/wp-json\/wp\/v2\/types\/post"}],"author":[{"embeddable":true,"href":"https:\/\/sites.ecclesia.pt\/cv\/wp-json\/wp\/v2\/users\/1"}],"replies":[{"embeddable":true,"href":"https:\/\/sites.ecclesia.pt\/cv\/wp-json\/wp\/v2\/comments?post=21465"}],"version-history":[{"count":0,"href":"https:\/\/sites.ecclesia.pt\/cv\/wp-json\/wp\/v2\/posts\/21465\/revisions"}],"wp:attachment":[{"href":"https:\/\/sites.ecclesia.pt\/cv\/wp-json\/wp\/v2\/media?parent=21465"}],"wp:term":[{"taxonomy":"category","embeddable":true,"href":"https:\/\/sites.ecclesia.pt\/cv\/wp-json\/wp\/v2\/categories?post=21465"},{"taxonomy":"post_tag","embeddable":true,"href":"https:\/\/sites.ecclesia.pt\/cv\/wp-json\/wp\/v2\/tags?post=21465"}],"curies":[{"name":"wp","href":"https:\/\/api.w.org\/{rel}","templated":true}]}}