{"id":21466,"date":"2013-01-16T16:31:00","date_gmt":"2013-01-16T16:31:00","guid":{"rendered":"http:\/\/localhost:81\/wp1\/?p=21466"},"modified":"2013-01-16T16:31:00","modified_gmt":"2013-01-16T16:31:00","slug":"cristaos-tem-de-resistir-a-mentalidade-que-desvaloriza-a-fe","status":"publish","type":"post","link":"https:\/\/sites.ecclesia.pt\/cv\/cristaos-tem-de-resistir-a-mentalidade-que-desvaloriza-a-fe\/","title":{"rendered":"Crist\u00e3os t\u00eam de resistir a mentalidade que desvaloriza a f\u00e9"},"content":{"rendered":"<p>Papa batizou 20 beb\u00e9s na Capela Sistina <!--more--> Bento XVI batizou no domingo 20 beb\u00e9s na Capela Sistina, do Vaticano, para assinalar a festa lit\u00fargica do Batismo do Senhor, que encerra o ciclo do Natal, defendendo a import\u00e2ncia de resistir a uma mentalidade que desvaloriza a f\u00e9.<\/p>\n<p>\u201cN\u00e3o \u00e9 f\u00e1cil manifestar abertamente e sem ced\u00eancias aquilo em que se acredita, especialmente no contexto em que vivemos, perante uma sociedade que considera muitas vezes foram de moda e fora de tempo os que vivem da f\u00e9 em Jesus\u201d, disse o Papa, na homilia da celebra\u00e7\u00e3o.<\/p>\n<p>Segundo Bento XVI, na \u201conda desta mentalidade\u201d pode surgir o perigo de tamb\u00e9m os crist\u00e3os entenderem a rela\u00e7\u00e3o com Jesus como limitante, como algo que mortifica a pr\u00f3pria realiza\u00e7\u00e3o\u201d.<\/p>\n<p>Numa reflex\u00e3o sobre o relato evang\u00e9lico do batismo de Cristo, o Papa disse que Jesus quis assim mostrar-se \u201csolid\u00e1rio\u201d com a humanidade, escolhendo \u201cpartir com\u201d os homens e fazer-se \u201cpenitente\u201d ao seu lado.<\/p>\n","protected":false},"excerpt":{"rendered":"<p>Papa batizou 20 beb\u00e9s na Capela Sistina<\/p>\n","protected":false},"author":1,"featured_media":0,"comment_status":"open","ping_status":"open","sticky":false,"template":"","format":"standard","meta":{"footnotes":""},"categories":[55],"tags":[],"class_list":["post-21466","post","type-post","status-publish","format-standard","hentry","category-igreja-no-mundo"],"_links":{"self":[{"href":"https:\/\/sites.ecclesia.pt\/cv\/wp-json\/wp\/v2\/posts\/21466","targetHints":{"allow":["GET"]}}],"collection":[{"href":"https:\/\/sites.ecclesia.pt\/cv\/wp-json\/wp\/v2\/posts"}],"about":[{"href":"https:\/\/sites.ecclesia.pt\/cv\/wp-json\/wp\/v2\/types\/post"}],"author":[{"embeddable":true,"href":"https:\/\/sites.ecclesia.pt\/cv\/wp-json\/wp\/v2\/users\/1"}],"replies":[{"embeddable":true,"href":"https:\/\/sites.ecclesia.pt\/cv\/wp-json\/wp\/v2\/comments?post=21466"}],"version-history":[{"count":0,"href":"https:\/\/sites.ecclesia.pt\/cv\/wp-json\/wp\/v2\/posts\/21466\/revisions"}],"wp:attachment":[{"href":"https:\/\/sites.ecclesia.pt\/cv\/wp-json\/wp\/v2\/media?parent=21466"}],"wp:term":[{"taxonomy":"category","embeddable":true,"href":"https:\/\/sites.ecclesia.pt\/cv\/wp-json\/wp\/v2\/categories?post=21466"},{"taxonomy":"post_tag","embeddable":true,"href":"https:\/\/sites.ecclesia.pt\/cv\/wp-json\/wp\/v2\/tags?post=21466"}],"curies":[{"name":"wp","href":"https:\/\/api.w.org\/{rel}","templated":true}]}}