{"id":21467,"date":"2013-01-16T16:32:00","date_gmt":"2013-01-16T16:32:00","guid":{"rendered":"http:\/\/localhost:81\/wp1\/?p=21467"},"modified":"2013-01-16T16:32:00","modified_gmt":"2013-01-16T16:32:00","slug":"mensagens-do-papa-na-rede-twitter","status":"publish","type":"post","link":"https:\/\/sites.ecclesia.pt\/cv\/mensagens-do-papa-na-rede-twitter\/","title":{"rendered":"Mensagens do Papa na rede Twitter"},"content":{"rendered":"<p>https:\/\/twitter.com\/pontifex_pt <!--more--> 13 de janeiro<\/p>\n<p>Que acontece no Batismo? Renascemos para uma vida nova, ficando unidos a Jesus para sempre.<\/p>\n<p>13 de janeiro<\/p>\n<p>Que cada crist\u00e3o redescubra, neste Ano da F\u00e9, a beleza de ter renascido no amor de Deus e viver como seu verdadeiro filho!<\/p>\n<p>9 de janeiro<\/p>\n<p>Seguindo o exemplo de Jesus, aprendamos a fazer dom total de n\u00f3s mesmos. Quem n\u00e3o consegue dar-se a si mesmo, d\u00e1 sempre demasiado pouco.<\/p>\n","protected":false},"excerpt":{"rendered":"<p>https:\/\/twitter.com\/pontifex_pt<\/p>\n","protected":false},"author":1,"featured_media":0,"comment_status":"open","ping_status":"open","sticky":false,"template":"","format":"standard","meta":{"footnotes":""},"categories":[55],"tags":[],"class_list":["post-21467","post","type-post","status-publish","format-standard","hentry","category-igreja-no-mundo"],"_links":{"self":[{"href":"https:\/\/sites.ecclesia.pt\/cv\/wp-json\/wp\/v2\/posts\/21467","targetHints":{"allow":["GET"]}}],"collection":[{"href":"https:\/\/sites.ecclesia.pt\/cv\/wp-json\/wp\/v2\/posts"}],"about":[{"href":"https:\/\/sites.ecclesia.pt\/cv\/wp-json\/wp\/v2\/types\/post"}],"author":[{"embeddable":true,"href":"https:\/\/sites.ecclesia.pt\/cv\/wp-json\/wp\/v2\/users\/1"}],"replies":[{"embeddable":true,"href":"https:\/\/sites.ecclesia.pt\/cv\/wp-json\/wp\/v2\/comments?post=21467"}],"version-history":[{"count":0,"href":"https:\/\/sites.ecclesia.pt\/cv\/wp-json\/wp\/v2\/posts\/21467\/revisions"}],"wp:attachment":[{"href":"https:\/\/sites.ecclesia.pt\/cv\/wp-json\/wp\/v2\/media?parent=21467"}],"wp:term":[{"taxonomy":"category","embeddable":true,"href":"https:\/\/sites.ecclesia.pt\/cv\/wp-json\/wp\/v2\/categories?post=21467"},{"taxonomy":"post_tag","embeddable":true,"href":"https:\/\/sites.ecclesia.pt\/cv\/wp-json\/wp\/v2\/tags?post=21467"}],"curies":[{"name":"wp","href":"https:\/\/api.w.org\/{rel}","templated":true}]}}