{"id":21469,"date":"2013-01-16T16:33:00","date_gmt":"2013-01-16T16:33:00","guid":{"rendered":"http:\/\/localhost:81\/wp1\/?p=21469"},"modified":"2013-01-16T16:33:00","modified_gmt":"2013-01-16T16:33:00","slug":"china-23","status":"publish","type":"post","link":"https:\/\/sites.ecclesia.pt\/cv\/china-23\/","title":{"rendered":"China"},"content":{"rendered":"<p>Crist\u00e3os no Mundo <!--more--> No dia 16 de dezembro de 2012 faleceu aos 95 anos de idade D. John Chen Shizhong, bispo de Yibin, na prov\u00edncia de Sichuan. O prelado, ordenado sacerdote em 1947, foi preso nos anos cinquenta, durante a Revolu\u00e7\u00e3o Cultural, e condenado a trabalhos for\u00e7ados no campo. Recebeu a ordena\u00e7\u00e3o episcopal em 1985. Foi bispo de Yubin durante mais de vinte anos.<\/p>\n","protected":false},"excerpt":{"rendered":"<p>Crist\u00e3os no Mundo<\/p>\n","protected":false},"author":1,"featured_media":0,"comment_status":"open","ping_status":"open","sticky":false,"template":"","format":"standard","meta":{"footnotes":""},"categories":[55],"tags":[],"class_list":["post-21469","post","type-post","status-publish","format-standard","hentry","category-igreja-no-mundo"],"_links":{"self":[{"href":"https:\/\/sites.ecclesia.pt\/cv\/wp-json\/wp\/v2\/posts\/21469","targetHints":{"allow":["GET"]}}],"collection":[{"href":"https:\/\/sites.ecclesia.pt\/cv\/wp-json\/wp\/v2\/posts"}],"about":[{"href":"https:\/\/sites.ecclesia.pt\/cv\/wp-json\/wp\/v2\/types\/post"}],"author":[{"embeddable":true,"href":"https:\/\/sites.ecclesia.pt\/cv\/wp-json\/wp\/v2\/users\/1"}],"replies":[{"embeddable":true,"href":"https:\/\/sites.ecclesia.pt\/cv\/wp-json\/wp\/v2\/comments?post=21469"}],"version-history":[{"count":0,"href":"https:\/\/sites.ecclesia.pt\/cv\/wp-json\/wp\/v2\/posts\/21469\/revisions"}],"wp:attachment":[{"href":"https:\/\/sites.ecclesia.pt\/cv\/wp-json\/wp\/v2\/media?parent=21469"}],"wp:term":[{"taxonomy":"category","embeddable":true,"href":"https:\/\/sites.ecclesia.pt\/cv\/wp-json\/wp\/v2\/categories?post=21469"},{"taxonomy":"post_tag","embeddable":true,"href":"https:\/\/sites.ecclesia.pt\/cv\/wp-json\/wp\/v2\/tags?post=21469"}],"curies":[{"name":"wp","href":"https:\/\/api.w.org\/{rel}","templated":true}]}}