{"id":21478,"date":"2013-01-16T16:50:00","date_gmt":"2013-01-16T16:50:00","guid":{"rendered":"http:\/\/localhost:81\/wp1\/?p=21478"},"modified":"2013-01-16T16:50:00","modified_gmt":"2013-01-16T16:50:00","slug":"16-de-janeiro-na-historia-de-aveiro","status":"publish","type":"post","link":"https:\/\/sites.ecclesia.pt\/cv\/16-de-janeiro-na-historia-de-aveiro\/","title":{"rendered":"16 de janeiro na hist\u00f3ria de Aveiro"},"content":{"rendered":"<p>1469 \u2014 El-Rei D. Afonso V deu carta de padr\u00e3o ao Convento de Nossa Senhora da Miseric\u00f3rdia, dos frades dominicanos, de 4.800 r\u00e9is de ten\u00e7a por cinco moios e vinte alqueires que havia pelas rendas de Recard\u00e3es e Segad\u00e3es.<\/p>\n<p>1508 \u2014 O Cardeal Rafael Sans\u00e3o Ri\u00e1rio fez expedir as letras apost\u00f3licas em que declarou pagas as antigas anatas da igreja paroquial de S\u00e3o Jo\u00e3o de Loure, cujo padroado pertencia ao Mosteiro de Jesus, de Aveiro.<\/p>\n<p>1642 \u2014 Por uma provis\u00e3o de D. Jo\u00e3o IV, a C\u00e2mara Municipal foi obrigada a dar anualmente aos frades do Convento de Santo Ant\u00f3nio, que viviam de esmolas, 40.000 r\u00e9is, com a obriga\u00e7\u00e3o de eles pregarem vinte e quatro serm\u00f5es na matriz de S. Miguel.<\/p>\n<p>1677 \u2014 O bispo-conde de Coimbra, D. \u00c1lvaro de S. Boaventura, autorizou a constru\u00e7\u00e3o de uma capela privativa da Ordem Terceira de S. Francisco, cuja primeira pedra n\u00e3o demorou a ser benzida e lan\u00e7ada.<\/p>\n<p>1916 \u2014 Realizou-se no Museu de Aveiro uma not\u00e1vel \u00abSess\u00e3o d\u2019Arte\u00bb, durante a qual proferiu uma confer\u00eancia o Prof. Doutor Ant\u00f3nio Caetano de Abreu Freire Egas Moniz \u2013 a qual foi impressa.<\/p>\n<p>1922 \u2014 Uma horrenda tempestade, ocorrida durante a noite de 16 para 17, causou mortes na ria e estragos nas casas, entre os quais o derrube de quase todas as pir\u00e2mides da capela da Senhor das Barrocas, felizmente repostas em 1980.<\/p>\n<p>1940 \u2014 O not\u00e1vel aveirense D. Jo\u00e3o Evangelista de Lima Vidal foi nomeado bispo de Aveiro, conservando o t\u00edtulo pessoal de arcebispo, mas sendo desligado das obriga\u00e7\u00f5es de superior-geral da Sociedade Portuguesa das Miss\u00f5es Cat\u00f3licas Ultramarinas \u2013 o que j\u00e1 lhe havia sido comunicado em carta de 12 do corrente pelo Cardeal Secret\u00e1rio de Estado do Vaticano. <\/p>\n<p>1954 \u2014 Foi inaugurado o apeadeiro de Esgueira da C. P., na linha do Vale do Vouga.<\/p>\n<p>1959 \u2014 O bispo de Aveiro, D. Domingos da Apresenta\u00e7\u00e3o Fernandes, no intuito de unificar uma zona populacional, houve por bem colocar apenas sob a jurisdi\u00e7\u00e3o do p\u00e1roco de Santo Andr\u00e9 de Esgueira todo o lugar da Quinta do Gato, desmembrando das par\u00f3quias da Gl\u00f3ria e da Vera Cruz o territ\u00f3rio que lhes pertencia.<\/p>\n<p>1974 \u2014 O Dr. Artur Alves Moreira, que durante alguns anos exerceu as fun\u00e7\u00f5es de presidente da C\u00e2mara Municipal, recebeu as ins\u00edgnias da Ordem de Benemer\u00eancia, que lhe foram pessoalmente entregues pelo Presidente da Rep\u00fablica Portuguesa, Almirante Am\u00e9rico de Deus Rodrigues Tom\u00e1s.<\/p>\n<p>1984 \u2014 A C\u00e2mara Municipal de Aveiro adjudicou, pela import\u00e2ncia de 2.517.000 escudos o arranjo do largo envolvente da capela do Senhor das Barrocas.<\/p>\n<p>Fonte: \u201cCalend\u00e1rio Hist\u00f3rico de Aveiro\u201d, <\/p>\n<p>de Ant\u00f3nio Christo e Jo\u00e3o Gon\u00e7alves Gaspar.<\/p>\n","protected":false},"excerpt":{"rendered":"<p>1469 \u2014 El-Rei D. Afonso V deu carta de padr\u00e3o ao Convento de Nossa Senhora da Miseric\u00f3rdia, dos frades dominicanos, de 4.800 r\u00e9is de ten\u00e7a por cinco moios e vinte alqueires que havia pelas rendas de Recard\u00e3es e Segad\u00e3es. 1508 \u2014 O Cardeal Rafael Sans\u00e3o Ri\u00e1rio fez expedir as letras apost\u00f3licas em que declarou pagas [&hellip;]<\/p>\n","protected":false},"author":1,"featured_media":0,"comment_status":"open","ping_status":"open","sticky":false,"template":"","format":"standard","meta":{"footnotes":""},"categories":[56],"tags":[],"class_list":["post-21478","post","type-post","status-publish","format-standard","hentry","category-almanaque"],"_links":{"self":[{"href":"https:\/\/sites.ecclesia.pt\/cv\/wp-json\/wp\/v2\/posts\/21478","targetHints":{"allow":["GET"]}}],"collection":[{"href":"https:\/\/sites.ecclesia.pt\/cv\/wp-json\/wp\/v2\/posts"}],"about":[{"href":"https:\/\/sites.ecclesia.pt\/cv\/wp-json\/wp\/v2\/types\/post"}],"author":[{"embeddable":true,"href":"https:\/\/sites.ecclesia.pt\/cv\/wp-json\/wp\/v2\/users\/1"}],"replies":[{"embeddable":true,"href":"https:\/\/sites.ecclesia.pt\/cv\/wp-json\/wp\/v2\/comments?post=21478"}],"version-history":[{"count":0,"href":"https:\/\/sites.ecclesia.pt\/cv\/wp-json\/wp\/v2\/posts\/21478\/revisions"}],"wp:attachment":[{"href":"https:\/\/sites.ecclesia.pt\/cv\/wp-json\/wp\/v2\/media?parent=21478"}],"wp:term":[{"taxonomy":"category","embeddable":true,"href":"https:\/\/sites.ecclesia.pt\/cv\/wp-json\/wp\/v2\/categories?post=21478"},{"taxonomy":"post_tag","embeddable":true,"href":"https:\/\/sites.ecclesia.pt\/cv\/wp-json\/wp\/v2\/tags?post=21478"}],"curies":[{"name":"wp","href":"https:\/\/api.w.org\/{rel}","templated":true}]}}