{"id":21479,"date":"2013-01-16T16:50:00","date_gmt":"2013-01-16T16:50:00","guid":{"rendered":"http:\/\/localhost:81\/wp1\/?p=21479"},"modified":"2013-01-16T16:50:00","modified_gmt":"2013-01-16T16:50:00","slug":"citacao-74","status":"publish","type":"post","link":"https:\/\/sites.ecclesia.pt\/cv\/citacao-74\/","title":{"rendered":"Cita\u00e7\u00e3o"},"content":{"rendered":"<p>Pouco se pode esperar de algu\u00e9m que s\u00f3 se esfor\u00e7a quando tem a certeza de vir a ser recompensado.<\/p>\n<p>Jos\u00e9 Ortega y Gasset (1883 &#8211; 1955), escritor e fil\u00f3sofo espanhol<\/p>\n","protected":false},"excerpt":{"rendered":"<p>Pouco se pode esperar de algu\u00e9m que s\u00f3 se esfor\u00e7a quando tem a certeza de vir a ser recompensado. Jos\u00e9 Ortega y Gasset (1883 &#8211; 1955), escritor e fil\u00f3sofo espanhol<\/p>\n","protected":false},"author":1,"featured_media":0,"comment_status":"open","ping_status":"open","sticky":false,"template":"","format":"standard","meta":{"footnotes":""},"categories":[56],"tags":[],"class_list":["post-21479","post","type-post","status-publish","format-standard","hentry","category-almanaque"],"_links":{"self":[{"href":"https:\/\/sites.ecclesia.pt\/cv\/wp-json\/wp\/v2\/posts\/21479","targetHints":{"allow":["GET"]}}],"collection":[{"href":"https:\/\/sites.ecclesia.pt\/cv\/wp-json\/wp\/v2\/posts"}],"about":[{"href":"https:\/\/sites.ecclesia.pt\/cv\/wp-json\/wp\/v2\/types\/post"}],"author":[{"embeddable":true,"href":"https:\/\/sites.ecclesia.pt\/cv\/wp-json\/wp\/v2\/users\/1"}],"replies":[{"embeddable":true,"href":"https:\/\/sites.ecclesia.pt\/cv\/wp-json\/wp\/v2\/comments?post=21479"}],"version-history":[{"count":0,"href":"https:\/\/sites.ecclesia.pt\/cv\/wp-json\/wp\/v2\/posts\/21479\/revisions"}],"wp:attachment":[{"href":"https:\/\/sites.ecclesia.pt\/cv\/wp-json\/wp\/v2\/media?parent=21479"}],"wp:term":[{"taxonomy":"category","embeddable":true,"href":"https:\/\/sites.ecclesia.pt\/cv\/wp-json\/wp\/v2\/categories?post=21479"},{"taxonomy":"post_tag","embeddable":true,"href":"https:\/\/sites.ecclesia.pt\/cv\/wp-json\/wp\/v2\/tags?post=21479"}],"curies":[{"name":"wp","href":"https:\/\/api.w.org\/{rel}","templated":true}]}}