{"id":21483,"date":"2012-11-28T16:02:00","date_gmt":"2012-11-28T16:02:00","guid":{"rendered":"http:\/\/localhost:81\/wp1\/?p=21483"},"modified":"2012-11-28T16:02:00","modified_gmt":"2012-11-28T16:02:00","slug":"narrativas-insolitas-do-poeta-que-foi-acusado-de-distrair-o-povo","status":"publish","type":"post","link":"https:\/\/sites.ecclesia.pt\/cv\/narrativas-insolitas-do-poeta-que-foi-acusado-de-distrair-o-povo\/","title":{"rendered":"Narrativas ins\u00f3litas do poeta que foi acusado de distrair o povo"},"content":{"rendered":"<p>Teatro para Inf\u00e2ncia: &#8220;Esqueci-me como se chama&#8221; <!--more--> No circo Printimpram dois atores (Ivo Prata e Miriam Ferreira) apresentam-nos um novo programa. Vamos ver como a ardilosa Macha convence o seu burro a lev\u00e1-la \u00e0 cidade e assistiremos a um desconcertante di\u00e1logo no jardim zool\u00f3gico. Ficaremos a conhecer Vova, o rapaz condenado para sempre a beber \u00f3leo de peixe e assistiremos a uma ins\u00f3lita corrida de animais. Seremos testemunhas do desaparecimento misterioso de um quadro e vamos descobrir como n\u00e3o gritam os ouri\u00e7os. Vamos descobrir que todas as hist\u00f3rias de Igor j\u00e1 foram inventadas, viajaremos na imagina\u00e7\u00e3o de Kolka e Petka at\u00e9 ao Brasil e, finalmente, descobriremos que um ingl\u00eas n\u00e3o consegue lembrar-se de como se chama certa ave! Estas hist\u00f3rias fazem parte da pe\u00e7a \u201cEsqueci-me como se chama\u201d, que adapta para teatro um conjunto de hist\u00f3rias e poemas escritos para a inf\u00e2ncia por Daniil Harms.<\/p>\n<p>Trata-se da primeira produ\u00e7\u00e3o que o coletivo de teatro da Pantopeia apresenta ao p\u00fablico geral e escolar. As narrativas ins\u00f3litas, repletas de jogos de linguagem, e as personagens bizarras prometem imagina\u00e7\u00e3o e surpresa, absurdo e boa disposi\u00e7\u00e3o.<\/p>\n<p>Daniil Harms (1905-1942), poeta surrealista russo, foi acusado de com os seus textos distrair o povo na constru\u00e7\u00e3o do socialismo, na antiga Uni\u00e3o Sovi\u00e9tica. Morreu \u00e0 fome na pris\u00e3o.<\/p>\n<p>\u201cEsqueci-me como se chama\u201d, teatro para inf\u00e2ncia pela associa\u00e7\u00e3o cultural Pantopeia, na Sala Est\u00fadio do Teatro Aveirense. Sess\u00f5es para escolas de 27 de novembro a 7 de dezembro, \u00e0s 10h e 14h (marca\u00e7\u00f5es: 234 400 920); sess\u00e3o para p\u00fablico familiar dia 8 de dezembro \u00e0s 16h.<\/p>\n","protected":false},"excerpt":{"rendered":"<p>Teatro para Inf\u00e2ncia: &#8220;Esqueci-me como se chama&#8221;<\/p>\n","protected":false},"author":1,"featured_media":0,"comment_status":"open","ping_status":"open","sticky":false,"template":"","format":"standard","meta":{"footnotes":""},"categories":[67],"tags":[],"class_list":["post-21483","post","type-post","status-publish","format-standard","hentry","category-ver-ouvir-sair"],"_links":{"self":[{"href":"https:\/\/sites.ecclesia.pt\/cv\/wp-json\/wp\/v2\/posts\/21483","targetHints":{"allow":["GET"]}}],"collection":[{"href":"https:\/\/sites.ecclesia.pt\/cv\/wp-json\/wp\/v2\/posts"}],"about":[{"href":"https:\/\/sites.ecclesia.pt\/cv\/wp-json\/wp\/v2\/types\/post"}],"author":[{"embeddable":true,"href":"https:\/\/sites.ecclesia.pt\/cv\/wp-json\/wp\/v2\/users\/1"}],"replies":[{"embeddable":true,"href":"https:\/\/sites.ecclesia.pt\/cv\/wp-json\/wp\/v2\/comments?post=21483"}],"version-history":[{"count":0,"href":"https:\/\/sites.ecclesia.pt\/cv\/wp-json\/wp\/v2\/posts\/21483\/revisions"}],"wp:attachment":[{"href":"https:\/\/sites.ecclesia.pt\/cv\/wp-json\/wp\/v2\/media?parent=21483"}],"wp:term":[{"taxonomy":"category","embeddable":true,"href":"https:\/\/sites.ecclesia.pt\/cv\/wp-json\/wp\/v2\/categories?post=21483"},{"taxonomy":"post_tag","embeddable":true,"href":"https:\/\/sites.ecclesia.pt\/cv\/wp-json\/wp\/v2\/tags?post=21483"}],"curies":[{"name":"wp","href":"https:\/\/api.w.org\/{rel}","templated":true}]}}