{"id":21484,"date":"2012-11-28T16:05:00","date_gmt":"2012-11-28T16:05:00","guid":{"rendered":"http:\/\/localhost:81\/wp1\/?p=21484"},"modified":"2012-11-28T16:05:00","modified_gmt":"2012-11-28T16:05:00","slug":"mmi-renovou-a-sala-dos-mares","status":"publish","type":"post","link":"https:\/\/sites.ecclesia.pt\/cv\/mmi-renovou-a-sala-dos-mares\/","title":{"rendered":"MMI renovou a Sala dos Mares"},"content":{"rendered":"<p>O Museu Mar\u00edtimo de \u00cdlhavo (MMI) renovou completamente a Sala dos Mares, uma das suas tr\u00eas exposi\u00e7\u00f5es permanentes, dando seguimento \u00e0 programa\u00e7\u00e3o das comemora\u00e7\u00f5es dos 75 anos do museu.<\/p>\n<p>A altera\u00e7\u00e3o do discurso expositivo do MMI \u00e9, no dizer do seu diretor, \u00c1lvaro Garrido, \u201cmuito profunda e assenta em dois objetivos: dotar o Museu Mar\u00edtimo de \u00cdlhavo de uma exposi\u00e7\u00e3o permanente dedicada \u00e0 grande quest\u00e3o da identidade local e acrescentar ao MMI abordagens do patrim\u00f3nio mar\u00edtimo-fluvial portugu\u00eas e de uma cultura mar\u00edtima aberta a m\u00faltiplas refer\u00eancias materiais e visuais\u201d.<\/p>\n<p>\u00c1lvaro Garrido refere que \u201ca riqueza desta exposi\u00e7\u00e3o decorre, tamb\u00e9m, de uma reutiliza\u00e7\u00e3o do espa\u00e7o e de novas formas de di\u00e1logo com a arquitetura do edif\u00edcio\u201d, o que \u201ctorna mais plural o patrim\u00f3nio do Museu, reafirma as suas rela\u00e7\u00f5es com a mem\u00f3ria da comunidade local e apela a uma cidadania do mar ancorada no patrim\u00f3nio e na cultura\u201d.<\/p>\n","protected":false},"excerpt":{"rendered":"<p>O Museu Mar\u00edtimo de \u00cdlhavo (MMI) renovou completamente a Sala dos Mares, uma das suas tr\u00eas exposi\u00e7\u00f5es permanentes, dando seguimento \u00e0 programa\u00e7\u00e3o das comemora\u00e7\u00f5es dos 75 anos do museu. A altera\u00e7\u00e3o do discurso expositivo do MMI \u00e9, no dizer do seu diretor, \u00c1lvaro Garrido, \u201cmuito profunda e assenta em dois objetivos: dotar o Museu Mar\u00edtimo [&hellip;]<\/p>\n","protected":false},"author":1,"featured_media":0,"comment_status":"open","ping_status":"open","sticky":false,"template":"","format":"standard","meta":{"footnotes":""},"categories":[67],"tags":[],"class_list":["post-21484","post","type-post","status-publish","format-standard","hentry","category-ver-ouvir-sair"],"_links":{"self":[{"href":"https:\/\/sites.ecclesia.pt\/cv\/wp-json\/wp\/v2\/posts\/21484","targetHints":{"allow":["GET"]}}],"collection":[{"href":"https:\/\/sites.ecclesia.pt\/cv\/wp-json\/wp\/v2\/posts"}],"about":[{"href":"https:\/\/sites.ecclesia.pt\/cv\/wp-json\/wp\/v2\/types\/post"}],"author":[{"embeddable":true,"href":"https:\/\/sites.ecclesia.pt\/cv\/wp-json\/wp\/v2\/users\/1"}],"replies":[{"embeddable":true,"href":"https:\/\/sites.ecclesia.pt\/cv\/wp-json\/wp\/v2\/comments?post=21484"}],"version-history":[{"count":0,"href":"https:\/\/sites.ecclesia.pt\/cv\/wp-json\/wp\/v2\/posts\/21484\/revisions"}],"wp:attachment":[{"href":"https:\/\/sites.ecclesia.pt\/cv\/wp-json\/wp\/v2\/media?parent=21484"}],"wp:term":[{"taxonomy":"category","embeddable":true,"href":"https:\/\/sites.ecclesia.pt\/cv\/wp-json\/wp\/v2\/categories?post=21484"},{"taxonomy":"post_tag","embeddable":true,"href":"https:\/\/sites.ecclesia.pt\/cv\/wp-json\/wp\/v2\/tags?post=21484"}],"curies":[{"name":"wp","href":"https:\/\/api.w.org\/{rel}","templated":true}]}}