{"id":21490,"date":"2012-12-12T11:34:00","date_gmt":"2012-12-12T11:34:00","guid":{"rendered":"http:\/\/localhost:81\/wp1\/?p=21490"},"modified":"2012-12-12T11:34:00","modified_gmt":"2012-12-12T11:34:00","slug":"igreja-elogia-atribuicao-do-nobel-a-uniao-europeia","status":"publish","type":"post","link":"https:\/\/sites.ecclesia.pt\/cv\/igreja-elogia-atribuicao-do-nobel-a-uniao-europeia\/","title":{"rendered":"Igreja elogia atribui\u00e7\u00e3o do Nobel \u00e0 Uni\u00e3o Europeia"},"content":{"rendered":"<p>Os respons\u00e1veis dos episcopados cat\u00f3licos na Uni\u00e3o Europeia (UE) elogiaram a atribui\u00e7\u00e3o do Nobel da Paz ao projeto comunit\u00e1rio, uma distin\u00e7\u00e3o que foi entregue na segunda-feira, 10 de dezembro, destacando a import\u00e2ncia de preservar a unidade em tempos de crise.<\/p>\n<p>\u201cVejo nesta atribui\u00e7\u00e3o do Nobel da Paz um reconhecimento do valor do projeto da Uni\u00e3o Europeia e do seu sentido para a constru\u00e7\u00e3o da paz entre os povos da Europa\u201d, disse \u00e0 Ag\u00eancia Ecclesia D. Ant\u00f3nio Marto, bispo de Leiria-F\u00e1tima e representante da Confer\u00eancia Episcopal Portuguesa na comiss\u00e3o dos episcopados cat\u00f3licos da Comunidade Europeia (COMECE).<\/p>\n<p>J\u00e1 o cardeal Reinhard Marx, arcebispo de Munique e presidente da COMECE, saudou a decis\u00e3o do Comit\u00e9 do Pr\u00e9mio Nobel, anunciada a 12 de outubro, mostrando-se particularmente satisfeito pela mesma ocorrer num \u201ctempo de crise\u201d.<\/p>\n<p>\u201c\u00c9 um claro sinal de que a Europa pode contribuir para um mundo melhor\u201d, destaca o cardeal alem\u00e3o, em comunicado de imprensa.<\/p>\n<p>Segundo o l\u00edder dos episcopados comunit\u00e1rios, apesar dos problemas com que a Europa se v\u00ea confrontada, o Nobel da Paz deve lembrar os cidad\u00e3os da UE \u201co grande contributo que o projeto de integra\u00e7\u00e3o europeia ofereceu ao desenvolvimento pac\u00edfico do continente\u201d.<\/p>\n<p>\u201cOs crist\u00e3os politicamente comprometidos ao servi\u00e7o deste projeto t\u00eam uma quota-parte substancial neste feito\u201d, concluiu.<\/p>\n<p>O pr\u00e9mio foi entregue em Oslo, ao presidente do Conselho Europeu, Herman Van Rompuy, em conjunto com os presidentes da Comiss\u00e3o Europeia, Jos\u00e9 Manuel Dur\u00e3o Barroso, e do Parlamento Europeu, Martin Schulz.<\/p>\n","protected":false},"excerpt":{"rendered":"<p>Os respons\u00e1veis dos episcopados cat\u00f3licos na Uni\u00e3o Europeia (UE) elogiaram a atribui\u00e7\u00e3o do Nobel da Paz ao projeto comunit\u00e1rio, uma distin\u00e7\u00e3o que foi entregue na segunda-feira, 10 de dezembro, destacando a import\u00e2ncia de preservar a unidade em tempos de crise. \u201cVejo nesta atribui\u00e7\u00e3o do Nobel da Paz um reconhecimento do valor do projeto da Uni\u00e3o [&hellip;]<\/p>\n","protected":false},"author":1,"featured_media":0,"comment_status":"open","ping_status":"open","sticky":false,"template":"","format":"standard","meta":{"footnotes":""},"categories":[55],"tags":[],"class_list":["post-21490","post","type-post","status-publish","format-standard","hentry","category-igreja-no-mundo"],"_links":{"self":[{"href":"https:\/\/sites.ecclesia.pt\/cv\/wp-json\/wp\/v2\/posts\/21490","targetHints":{"allow":["GET"]}}],"collection":[{"href":"https:\/\/sites.ecclesia.pt\/cv\/wp-json\/wp\/v2\/posts"}],"about":[{"href":"https:\/\/sites.ecclesia.pt\/cv\/wp-json\/wp\/v2\/types\/post"}],"author":[{"embeddable":true,"href":"https:\/\/sites.ecclesia.pt\/cv\/wp-json\/wp\/v2\/users\/1"}],"replies":[{"embeddable":true,"href":"https:\/\/sites.ecclesia.pt\/cv\/wp-json\/wp\/v2\/comments?post=21490"}],"version-history":[{"count":0,"href":"https:\/\/sites.ecclesia.pt\/cv\/wp-json\/wp\/v2\/posts\/21490\/revisions"}],"wp:attachment":[{"href":"https:\/\/sites.ecclesia.pt\/cv\/wp-json\/wp\/v2\/media?parent=21490"}],"wp:term":[{"taxonomy":"category","embeddable":true,"href":"https:\/\/sites.ecclesia.pt\/cv\/wp-json\/wp\/v2\/categories?post=21490"},{"taxonomy":"post_tag","embeddable":true,"href":"https:\/\/sites.ecclesia.pt\/cv\/wp-json\/wp\/v2\/tags?post=21490"}],"curies":[{"name":"wp","href":"https:\/\/api.w.org\/{rel}","templated":true}]}}