{"id":21526,"date":"2012-11-28T15:23:00","date_gmt":"2012-11-28T15:23:00","guid":{"rendered":"http:\/\/localhost:81\/wp1\/?p=21526"},"modified":"2012-11-28T15:23:00","modified_gmt":"2012-11-28T15:23:00","slug":"rostos-palavras-83","status":"publish","type":"post","link":"https:\/\/sites.ecclesia.pt\/cv\/rostos-palavras-83\/","title":{"rendered":"Rostos &#038; Palavras"},"content":{"rendered":"<p>Estava \u00e0 espera de um n\u00famero mais baixo, \u201cdevido aos ventos que t\u00eam soprado em dire\u00e7\u00e3o contr\u00e1ria ao rumo da nave da Igreja\u201d.<\/p>\n<p>P.e Manuel Moruj\u00e3o, porta-voz dos bispos portugueses, comentando \u00e0 Ag\u00eancia Ecclesia os dados dos Censos 2011, que dizem que 81 por cento da popula\u00e7\u00e3o residente em Portugal com 15 ou mais anos se declara cat\u00f3lica.<\/p>\n","protected":false},"excerpt":{"rendered":"<p>Estava \u00e0 espera de um n\u00famero mais baixo, \u201cdevido aos ventos que t\u00eam soprado em dire\u00e7\u00e3o contr\u00e1ria ao rumo da nave da Igreja\u201d. P.e Manuel Moruj\u00e3o, porta-voz dos bispos portugueses, comentando \u00e0 Ag\u00eancia Ecclesia os dados dos Censos 2011, que dizem que 81 por cento da popula\u00e7\u00e3o residente em Portugal com 15 ou mais anos [&hellip;]<\/p>\n","protected":false},"author":1,"featured_media":0,"comment_status":"open","ping_status":"open","sticky":false,"template":"","format":"standard","meta":{"footnotes":""},"categories":[53],"tags":[],"class_list":["post-21526","post","type-post","status-publish","format-standard","hentry","category-igreja-em-portugal"],"_links":{"self":[{"href":"https:\/\/sites.ecclesia.pt\/cv\/wp-json\/wp\/v2\/posts\/21526","targetHints":{"allow":["GET"]}}],"collection":[{"href":"https:\/\/sites.ecclesia.pt\/cv\/wp-json\/wp\/v2\/posts"}],"about":[{"href":"https:\/\/sites.ecclesia.pt\/cv\/wp-json\/wp\/v2\/types\/post"}],"author":[{"embeddable":true,"href":"https:\/\/sites.ecclesia.pt\/cv\/wp-json\/wp\/v2\/users\/1"}],"replies":[{"embeddable":true,"href":"https:\/\/sites.ecclesia.pt\/cv\/wp-json\/wp\/v2\/comments?post=21526"}],"version-history":[{"count":0,"href":"https:\/\/sites.ecclesia.pt\/cv\/wp-json\/wp\/v2\/posts\/21526\/revisions"}],"wp:attachment":[{"href":"https:\/\/sites.ecclesia.pt\/cv\/wp-json\/wp\/v2\/media?parent=21526"}],"wp:term":[{"taxonomy":"category","embeddable":true,"href":"https:\/\/sites.ecclesia.pt\/cv\/wp-json\/wp\/v2\/categories?post=21526"},{"taxonomy":"post_tag","embeddable":true,"href":"https:\/\/sites.ecclesia.pt\/cv\/wp-json\/wp\/v2\/tags?post=21526"}],"curies":[{"name":"wp","href":"https:\/\/api.w.org\/{rel}","templated":true}]}}