{"id":21527,"date":"2012-11-28T15:26:00","date_gmt":"2012-11-28T15:26:00","guid":{"rendered":"http:\/\/localhost:81\/wp1\/?p=21527"},"modified":"2012-11-28T15:26:00","modified_gmt":"2012-11-28T15:26:00","slug":"brasil-44","status":"publish","type":"post","link":"https:\/\/sites.ecclesia.pt\/cv\/brasil-44\/","title":{"rendered":"Brasil"},"content":{"rendered":"<p>Crist\u00e3os no Mundo <!--more--> O governo brasileiro vai conceder vistos gratuitos aos peregrinos da Jornada Mundial da Juventude 2013, marcada para a cidade do Rio de Janeiro (23-28 de julho), anunciou a organiza\u00e7\u00e3o do evento. A isen\u00e7\u00e3o da taxa aplica-se aos participantes e volunt\u00e1rios que receberem o documento assinado pelo Comit\u00e9 Organizador Local (COL) da JMJ confirmando a sua vincula\u00e7\u00e3o ao evento.<\/p>\n","protected":false},"excerpt":{"rendered":"<p>Crist\u00e3os no Mundo<\/p>\n","protected":false},"author":1,"featured_media":0,"comment_status":"open","ping_status":"open","sticky":false,"template":"","format":"standard","meta":{"footnotes":""},"categories":[55],"tags":[],"class_list":["post-21527","post","type-post","status-publish","format-standard","hentry","category-igreja-no-mundo"],"_links":{"self":[{"href":"https:\/\/sites.ecclesia.pt\/cv\/wp-json\/wp\/v2\/posts\/21527","targetHints":{"allow":["GET"]}}],"collection":[{"href":"https:\/\/sites.ecclesia.pt\/cv\/wp-json\/wp\/v2\/posts"}],"about":[{"href":"https:\/\/sites.ecclesia.pt\/cv\/wp-json\/wp\/v2\/types\/post"}],"author":[{"embeddable":true,"href":"https:\/\/sites.ecclesia.pt\/cv\/wp-json\/wp\/v2\/users\/1"}],"replies":[{"embeddable":true,"href":"https:\/\/sites.ecclesia.pt\/cv\/wp-json\/wp\/v2\/comments?post=21527"}],"version-history":[{"count":0,"href":"https:\/\/sites.ecclesia.pt\/cv\/wp-json\/wp\/v2\/posts\/21527\/revisions"}],"wp:attachment":[{"href":"https:\/\/sites.ecclesia.pt\/cv\/wp-json\/wp\/v2\/media?parent=21527"}],"wp:term":[{"taxonomy":"category","embeddable":true,"href":"https:\/\/sites.ecclesia.pt\/cv\/wp-json\/wp\/v2\/categories?post=21527"},{"taxonomy":"post_tag","embeddable":true,"href":"https:\/\/sites.ecclesia.pt\/cv\/wp-json\/wp\/v2\/tags?post=21527"}],"curies":[{"name":"wp","href":"https:\/\/api.w.org\/{rel}","templated":true}]}}