{"id":21531,"date":"2012-11-28T16:00:00","date_gmt":"2012-11-28T16:00:00","guid":{"rendered":"http:\/\/localhost:81\/wp1\/?p=21531"},"modified":"2012-11-28T16:00:00","modified_gmt":"2012-11-28T16:00:00","slug":"passagem-de-ano-com-taize-em-roma","status":"publish","type":"post","link":"https:\/\/sites.ecclesia.pt\/cv\/passagem-de-ano-com-taize-em-roma\/","title":{"rendered":"Passagem de ano com Taiz\u00e9 em Roma"},"content":{"rendered":"<p>De 28 de dezembro de 2012 a 2 de janeiro de 2013 decorre em Roma a peregrina\u00e7\u00e3o de confian\u00e7a na terra, dinamizada anualmente pela comunidade de Taiz\u00e9. Este ano \u00e9 celebrada em Roma com um programa muito rico que est\u00e1 dispon\u00edvel com todos os pormenores em http:\/\/www.taize.fr\/pt_article4593.html.<\/p>\n<p>O Secretariado Diocesano da Pastoral Juvenil e Vocacional de Aveiro associou-se ao SDPJ da Diocese do Porto, que est\u00e1 a organizar uma viagem de autocarro para esta peregrina\u00e7\u00e3o.<\/p>\n","protected":false},"excerpt":{"rendered":"<p>De 28 de dezembro de 2012 a 2 de janeiro de 2013 decorre em Roma a peregrina\u00e7\u00e3o de confian\u00e7a na terra, dinamizada anualmente pela comunidade de Taiz\u00e9. Este ano \u00e9 celebrada em Roma com um programa muito rico que est\u00e1 dispon\u00edvel com todos os pormenores em http:\/\/www.taize.fr\/pt_article4593.html. O Secretariado Diocesano da Pastoral Juvenil e Vocacional [&hellip;]<\/p>\n","protected":false},"author":1,"featured_media":0,"comment_status":"open","ping_status":"open","sticky":false,"template":"","format":"standard","meta":{"footnotes":""},"categories":[51],"tags":[],"class_list":["post-21531","post","type-post","status-publish","format-standard","hentry","category-jovens"],"_links":{"self":[{"href":"https:\/\/sites.ecclesia.pt\/cv\/wp-json\/wp\/v2\/posts\/21531","targetHints":{"allow":["GET"]}}],"collection":[{"href":"https:\/\/sites.ecclesia.pt\/cv\/wp-json\/wp\/v2\/posts"}],"about":[{"href":"https:\/\/sites.ecclesia.pt\/cv\/wp-json\/wp\/v2\/types\/post"}],"author":[{"embeddable":true,"href":"https:\/\/sites.ecclesia.pt\/cv\/wp-json\/wp\/v2\/users\/1"}],"replies":[{"embeddable":true,"href":"https:\/\/sites.ecclesia.pt\/cv\/wp-json\/wp\/v2\/comments?post=21531"}],"version-history":[{"count":0,"href":"https:\/\/sites.ecclesia.pt\/cv\/wp-json\/wp\/v2\/posts\/21531\/revisions"}],"wp:attachment":[{"href":"https:\/\/sites.ecclesia.pt\/cv\/wp-json\/wp\/v2\/media?parent=21531"}],"wp:term":[{"taxonomy":"category","embeddable":true,"href":"https:\/\/sites.ecclesia.pt\/cv\/wp-json\/wp\/v2\/categories?post=21531"},{"taxonomy":"post_tag","embeddable":true,"href":"https:\/\/sites.ecclesia.pt\/cv\/wp-json\/wp\/v2\/tags?post=21531"}],"curies":[{"name":"wp","href":"https:\/\/api.w.org\/{rel}","templated":true}]}}