{"id":21533,"date":"2012-12-05T15:54:00","date_gmt":"2012-12-05T15:54:00","guid":{"rendered":"http:\/\/localhost:81\/wp1\/?p=21533"},"modified":"2012-12-05T15:54:00","modified_gmt":"2012-12-05T15:54:00","slug":"agenda-286","status":"publish","type":"post","link":"https:\/\/sites.ecclesia.pt\/cv\/agenda-286\/","title":{"rendered":"Agenda"},"content":{"rendered":"<p>Dezembro<\/p>\n<p>5 \u2013 Retiro espiritual do Movimento Vida Ascendente, no Semin\u00e1rio de Aveiro <\/p>\n<p>6 a 9 \u2013 72.\u00ba cursilho de cristandade para senhoras, na Casa Diocesana<\/p>\n<p>16 \u2013 Encerramento das comemora\u00e7\u00f5es dos 400 anos da Igreja de S. Bartolomeu de Veiros. Eucaristia presidida pelo Bispo de Aveiro \u00e0s 11h<\/p>\n<p>8 \u2013 6.\u00ba anivers\u00e1rio da entrada de D. Ant\u00f3nio Francisco na Diocese de Aveiro e seu 40.\u00ba anivers\u00e1rio de ordena\u00e7\u00e3o presbiteral; 50.\u00ba anivers\u00e1rio da entrada de D. Manuel de Almeida Trindade na Diocese de Aveiro<\/p>\n<p>11 \u2013 74.\u00ba anivers\u00e1rio da restaura\u00e7\u00e3o da Diocese de Aveiro<\/p>\n","protected":false},"excerpt":{"rendered":"<p>Dezembro 5 \u2013 Retiro espiritual do Movimento Vida Ascendente, no Semin\u00e1rio de Aveiro 6 a 9 \u2013 72.\u00ba cursilho de cristandade para senhoras, na Casa Diocesana 16 \u2013 Encerramento das comemora\u00e7\u00f5es dos 400 anos da Igreja de S. Bartolomeu de Veiros. Eucaristia presidida pelo Bispo de Aveiro \u00e0s 11h 8 \u2013 6.\u00ba anivers\u00e1rio da entrada [&hellip;]<\/p>\n","protected":false},"author":1,"featured_media":0,"comment_status":"open","ping_status":"open","sticky":false,"template":"","format":"standard","meta":{"footnotes":""},"categories":[70],"tags":[],"class_list":["post-21533","post","type-post","status-publish","format-standard","hentry","category-diocese"],"_links":{"self":[{"href":"https:\/\/sites.ecclesia.pt\/cv\/wp-json\/wp\/v2\/posts\/21533","targetHints":{"allow":["GET"]}}],"collection":[{"href":"https:\/\/sites.ecclesia.pt\/cv\/wp-json\/wp\/v2\/posts"}],"about":[{"href":"https:\/\/sites.ecclesia.pt\/cv\/wp-json\/wp\/v2\/types\/post"}],"author":[{"embeddable":true,"href":"https:\/\/sites.ecclesia.pt\/cv\/wp-json\/wp\/v2\/users\/1"}],"replies":[{"embeddable":true,"href":"https:\/\/sites.ecclesia.pt\/cv\/wp-json\/wp\/v2\/comments?post=21533"}],"version-history":[{"count":0,"href":"https:\/\/sites.ecclesia.pt\/cv\/wp-json\/wp\/v2\/posts\/21533\/revisions"}],"wp:attachment":[{"href":"https:\/\/sites.ecclesia.pt\/cv\/wp-json\/wp\/v2\/media?parent=21533"}],"wp:term":[{"taxonomy":"category","embeddable":true,"href":"https:\/\/sites.ecclesia.pt\/cv\/wp-json\/wp\/v2\/categories?post=21533"},{"taxonomy":"post_tag","embeddable":true,"href":"https:\/\/sites.ecclesia.pt\/cv\/wp-json\/wp\/v2\/tags?post=21533"}],"curies":[{"name":"wp","href":"https:\/\/api.w.org\/{rel}","templated":true}]}}