{"id":21539,"date":"2012-12-12T11:50:00","date_gmt":"2012-12-12T11:50:00","guid":{"rendered":"http:\/\/localhost:81\/wp1\/?p=21539"},"modified":"2012-12-12T11:50:00","modified_gmt":"2012-12-12T11:50:00","slug":"gravura-e-desenho-no-museu-da-cidade","status":"publish","type":"post","link":"https:\/\/sites.ecclesia.pt\/cv\/gravura-e-desenho-no-museu-da-cidade\/","title":{"rendered":"Gravura e desenho no Museu da Cidade"},"content":{"rendered":"<p>At\u00e9 ao dia 30 de dezembro, no Museu da Cidade, em Aveiro, est\u00e1 patente a exposi\u00e7\u00e3o coletiva de gravura e desenho que se integra na Trienal Movimento Desenho 2012, a qual visa evidenciar estes e outros aspetos, explorando a rela\u00e7\u00e3o intimista entre a impress\u00e3o gr\u00e1fica e o desenho, a matriz e as t\u00e9cnicas, o material e o conceito.<\/p>\n<p>Esta exposi\u00e7\u00e3o pode ser visitada de ter\u00e7a a sexta-feira, das 9h30 \u00e0s 12h30 e das 14 \u00e0s 18 horas, e aos s\u00e1bados e domingos entre as 14 e as 18 horas. Com entrada livre.<\/p>\n","protected":false},"excerpt":{"rendered":"<p>At\u00e9 ao dia 30 de dezembro, no Museu da Cidade, em Aveiro, est\u00e1 patente a exposi\u00e7\u00e3o coletiva de gravura e desenho que se integra na Trienal Movimento Desenho 2012, a qual visa evidenciar estes e outros aspetos, explorando a rela\u00e7\u00e3o intimista entre a impress\u00e3o gr\u00e1fica e o desenho, a matriz e as t\u00e9cnicas, o material [&hellip;]<\/p>\n","protected":false},"author":1,"featured_media":0,"comment_status":"open","ping_status":"open","sticky":false,"template":"","format":"standard","meta":{"footnotes":""},"categories":[67],"tags":[],"class_list":["post-21539","post","type-post","status-publish","format-standard","hentry","category-ver-ouvir-sair"],"_links":{"self":[{"href":"https:\/\/sites.ecclesia.pt\/cv\/wp-json\/wp\/v2\/posts\/21539","targetHints":{"allow":["GET"]}}],"collection":[{"href":"https:\/\/sites.ecclesia.pt\/cv\/wp-json\/wp\/v2\/posts"}],"about":[{"href":"https:\/\/sites.ecclesia.pt\/cv\/wp-json\/wp\/v2\/types\/post"}],"author":[{"embeddable":true,"href":"https:\/\/sites.ecclesia.pt\/cv\/wp-json\/wp\/v2\/users\/1"}],"replies":[{"embeddable":true,"href":"https:\/\/sites.ecclesia.pt\/cv\/wp-json\/wp\/v2\/comments?post=21539"}],"version-history":[{"count":0,"href":"https:\/\/sites.ecclesia.pt\/cv\/wp-json\/wp\/v2\/posts\/21539\/revisions"}],"wp:attachment":[{"href":"https:\/\/sites.ecclesia.pt\/cv\/wp-json\/wp\/v2\/media?parent=21539"}],"wp:term":[{"taxonomy":"category","embeddable":true,"href":"https:\/\/sites.ecclesia.pt\/cv\/wp-json\/wp\/v2\/categories?post=21539"},{"taxonomy":"post_tag","embeddable":true,"href":"https:\/\/sites.ecclesia.pt\/cv\/wp-json\/wp\/v2\/tags?post=21539"}],"curies":[{"name":"wp","href":"https:\/\/api.w.org\/{rel}","templated":true}]}}