{"id":21541,"date":"2013-01-09T16:58:00","date_gmt":"2013-01-09T16:58:00","guid":{"rendered":"http:\/\/localhost:81\/wp1\/?p=21541"},"modified":"2013-01-09T16:58:00","modified_gmt":"2013-01-09T16:58:00","slug":"europa-precisa-de-lideres-clarividentes-e-qualificados-para-superar-a-crise-diz-bento-xvi","status":"publish","type":"post","link":"https:\/\/sites.ecclesia.pt\/cv\/europa-precisa-de-lideres-clarividentes-e-qualificados-para-superar-a-crise-diz-bento-xvi\/","title":{"rendered":"Europa precisa de l\u00edderes &#8220;clarividentes e qualificados&#8221; para superar a crise, diz Bento XVI"},"content":{"rendered":"<p>Bento XVI afirmou que a Europa tem necessidade de l\u00edderes \u201cclarividentes e qualificados\u201d para superar a crise econ\u00f3mica e financeira, defendendo a unidade entre pa\u00edses pobres e ricos.<\/p>\n<p>\u201cA Uni\u00e3o Europeia precisa de representantes clarividentes e qualificados para realizar as op\u00e7\u00f5es dif\u00edceis que s\u00e3o necess\u00e1rias a fim de sanar a sua economia e colocar bases s\u00f3lidas para o seu progresso. Sozinhos, alguns pa\u00edses talvez caminhassem mais r\u00e1pido, mas, juntos, todos chegar\u00e3o certamente mais longe\u201d, declarou o Papa, no encontro de ano novo com os membros do corpo diplom\u00e1tico acreditados junto da Santa S\u00e9, no dia 7 de janeiro.<\/p>\n<p>Segundo Bento XVI, a atual crise econ\u00f3mica e financeira \u201cdesenvolveu-se porque, com muita frequ\u00eancia, foi absolutizado o lucro em detrimento do trabalho, e se aventuraram desenfreadamente pelos trilhos da economia financeira em vez da real\u201d.<\/p>\n<p>\u201c\u00c9 necess\u00e1rio recuperar o sentido do trabalho e de um lucro que lhe seja proporcionado. Com esta finalidade, h\u00e1 que educar para resistir \u00e0 tenta\u00e7\u00e3o dos interesses particulares e a curto prazo, orientando-se antes na dire\u00e7\u00e3o do bem comum\u201d, precisou.<\/p>\n<p>O Papa considera urgente que os respons\u00e1veis pol\u00edticos n\u00e3o se resignem \u201ccom a \u00abcontra\u00e7\u00e3o do bem-estar social\u00bb, enquanto se combate a contra\u00e7\u00e3o financeira\u201d. \u201cSe \u00e9 uma preocupa\u00e7\u00e3o o \u00edndice diferencial entre as taxas financeiras, deveriam suscitar indigna\u00e7\u00e3o as crescentes diferen\u00e7as entre poucos, cada vez mais ricos, e muitos, irremediavelmente pobres\u201d, alertou.<\/p>\n","protected":false},"excerpt":{"rendered":"<p>Bento XVI afirmou que a Europa tem necessidade de l\u00edderes \u201cclarividentes e qualificados\u201d para superar a crise econ\u00f3mica e financeira, defendendo a unidade entre pa\u00edses pobres e ricos. \u201cA Uni\u00e3o Europeia precisa de representantes clarividentes e qualificados para realizar as op\u00e7\u00f5es dif\u00edceis que s\u00e3o necess\u00e1rias a fim de sanar a sua economia e colocar bases [&hellip;]<\/p>\n","protected":false},"author":1,"featured_media":0,"comment_status":"open","ping_status":"open","sticky":false,"template":"","format":"standard","meta":{"footnotes":""},"categories":[55],"tags":[],"class_list":["post-21541","post","type-post","status-publish","format-standard","hentry","category-igreja-no-mundo"],"_links":{"self":[{"href":"https:\/\/sites.ecclesia.pt\/cv\/wp-json\/wp\/v2\/posts\/21541","targetHints":{"allow":["GET"]}}],"collection":[{"href":"https:\/\/sites.ecclesia.pt\/cv\/wp-json\/wp\/v2\/posts"}],"about":[{"href":"https:\/\/sites.ecclesia.pt\/cv\/wp-json\/wp\/v2\/types\/post"}],"author":[{"embeddable":true,"href":"https:\/\/sites.ecclesia.pt\/cv\/wp-json\/wp\/v2\/users\/1"}],"replies":[{"embeddable":true,"href":"https:\/\/sites.ecclesia.pt\/cv\/wp-json\/wp\/v2\/comments?post=21541"}],"version-history":[{"count":0,"href":"https:\/\/sites.ecclesia.pt\/cv\/wp-json\/wp\/v2\/posts\/21541\/revisions"}],"wp:attachment":[{"href":"https:\/\/sites.ecclesia.pt\/cv\/wp-json\/wp\/v2\/media?parent=21541"}],"wp:term":[{"taxonomy":"category","embeddable":true,"href":"https:\/\/sites.ecclesia.pt\/cv\/wp-json\/wp\/v2\/categories?post=21541"},{"taxonomy":"post_tag","embeddable":true,"href":"https:\/\/sites.ecclesia.pt\/cv\/wp-json\/wp\/v2\/tags?post=21541"}],"curies":[{"name":"wp","href":"https:\/\/api.w.org\/{rel}","templated":true}]}}