{"id":21546,"date":"2013-01-16T16:16:00","date_gmt":"2013-01-16T16:16:00","guid":{"rendered":"http:\/\/localhost:81\/wp1\/?p=21546"},"modified":"2013-01-16T16:16:00","modified_gmt":"2013-01-16T16:16:00","slug":"exposicao-e-debate-continuam-missao-jubilar","status":"publish","type":"post","link":"https:\/\/sites.ecclesia.pt\/cv\/exposicao-e-debate-continuam-missao-jubilar\/","title":{"rendered":"Exposi\u00e7\u00e3o e debate continuam Miss\u00e3o Jubilar"},"content":{"rendered":"<p>Exposi\u00e7\u00e3o de arte sacra diocesana vai ser inaugurada no domingo. No dia 23, h\u00e1 debate com Jorge Sampaio e D. Ant\u00f3nio Couto.<\/p>\n<p>O Bispo de Aveiro inaugura no pr\u00f3ximo domingo, pelas 15h30, no Museu de Aveiro, a exposi\u00e7\u00e3o arte sacra \u201cMem\u00f3ria e presente\u201d. Com entrada gratuita, a exposi\u00e7\u00e3o mostra 101 pe\u00e7as provenientes das 101 par\u00f3quias da Diocese de Aveiro, podendo ser visitada at\u00e9 7 de abril de 2013.<\/p>\n<p>A inaugura\u00e7\u00e3o conta com a presen\u00e7a de Celeste Amaro, diretora da Cultura da Regi\u00e3o Centro (organismo que tutela o Museu de Aveiro) e Monsenhor Jo\u00e3o Gaspar, que explicar\u00e1 a exposi\u00e7\u00e3o e conduzir\u00e1 uma breve visita guiada.<\/p>\n<p>As pe\u00e7as est\u00e3o divididas por tr\u00eas \u201cdiscursos expositivos\u201d, segundo informa Maria Helena Pinho e Melo, elemento da comiss\u00e3o do Jubileu que da parte da Diocese de Aveiro coordena o evento. No primeiro, as pe\u00e7as evocam a \u201chist\u00f3ria da salva\u00e7\u00e3o at\u00e9 \u00e0 Ressurrei\u00e7\u00e3o de Jesus\u201d. No segundo, centrado na ourivesaria, o tema \u00e9 a Eucaristia. O terceiro, com imagens de santos, remete para a hist\u00f3ria da Igreja at\u00e9 S\u00e3o Benedito, o primeiro santo negro da Igreja Cat\u00f3lica (viveu no s\u00e9c. XVI).<\/p>\n<p>Para explicar e recordar a exposi\u00e7\u00e3o, estar\u00e1 \u00e0 venda por 12 euros um cat\u00e1logo com imagens e textos sobre cada uma das pe\u00e7as. \u201cTrata-se de um documento de grande qualidade\u201d, afirma Maria Helena, que acrescenta que todos os exemplares \u201cestar\u00e3o personalizados com a assinatura do Sr. Bispo\u201d.<\/p>\n<p>Jorge Sampaio <\/p>\n<p>em Estarreja<\/p>\n<p>Depois do debate de Vagos, sobre a\u00e7\u00e3o social, o ciclo da Miss\u00e3o Jubilar prossegue com uma sess\u00e3o sobre ecumenismo e di\u00e1logo inter-religioso, no Cineteatro de Estarreja, no dia 23 de janeiro, \u00e0s 21h. Para falar destes temas prementes para a paz mundial, moderados pelo jornalista Carlos Daniel, interv\u00eam Jorge Sampaio e D. Ant\u00f3nio Couto. O anterior Presidente da Rep\u00fablica foi at\u00e9 h\u00e1 poucos meses representante da ONU para a Alian\u00e7a das Civiliza\u00e7\u00f5es. O Bispo de Lamego preside \u00e0 comiss\u00e3o Episcopal da Miss\u00e3o e Nova Evangeliza\u00e7\u00e3o.<\/p>\n<p>J.P.F.<\/p>\n","protected":false},"excerpt":{"rendered":"<p>Exposi\u00e7\u00e3o de arte sacra diocesana vai ser inaugurada no domingo. No dia 23, h\u00e1 debate com Jorge Sampaio e D. Ant\u00f3nio Couto. O Bispo de Aveiro inaugura no pr\u00f3ximo domingo, pelas 15h30, no Museu de Aveiro, a exposi\u00e7\u00e3o arte sacra \u201cMem\u00f3ria e presente\u201d. Com entrada gratuita, a exposi\u00e7\u00e3o mostra 101 pe\u00e7as provenientes das 101 par\u00f3quias [&hellip;]<\/p>\n","protected":false},"author":1,"featured_media":0,"comment_status":"open","ping_status":"open","sticky":false,"template":"","format":"standard","meta":{"footnotes":""},"categories":[70],"tags":[],"class_list":["post-21546","post","type-post","status-publish","format-standard","hentry","category-diocese"],"_links":{"self":[{"href":"https:\/\/sites.ecclesia.pt\/cv\/wp-json\/wp\/v2\/posts\/21546","targetHints":{"allow":["GET"]}}],"collection":[{"href":"https:\/\/sites.ecclesia.pt\/cv\/wp-json\/wp\/v2\/posts"}],"about":[{"href":"https:\/\/sites.ecclesia.pt\/cv\/wp-json\/wp\/v2\/types\/post"}],"author":[{"embeddable":true,"href":"https:\/\/sites.ecclesia.pt\/cv\/wp-json\/wp\/v2\/users\/1"}],"replies":[{"embeddable":true,"href":"https:\/\/sites.ecclesia.pt\/cv\/wp-json\/wp\/v2\/comments?post=21546"}],"version-history":[{"count":0,"href":"https:\/\/sites.ecclesia.pt\/cv\/wp-json\/wp\/v2\/posts\/21546\/revisions"}],"wp:attachment":[{"href":"https:\/\/sites.ecclesia.pt\/cv\/wp-json\/wp\/v2\/media?parent=21546"}],"wp:term":[{"taxonomy":"category","embeddable":true,"href":"https:\/\/sites.ecclesia.pt\/cv\/wp-json\/wp\/v2\/categories?post=21546"},{"taxonomy":"post_tag","embeddable":true,"href":"https:\/\/sites.ecclesia.pt\/cv\/wp-json\/wp\/v2\/tags?post=21546"}],"curies":[{"name":"wp","href":"https:\/\/api.w.org\/{rel}","templated":true}]}}