{"id":21564,"date":"2013-01-30T14:56:00","date_gmt":"2013-01-30T14:56:00","guid":{"rendered":"http:\/\/localhost:81\/wp1\/?p=21564"},"modified":"2013-01-30T14:56:00","modified_gmt":"2013-01-30T14:56:00","slug":"rostos-palavras-86","status":"publish","type":"post","link":"https:\/\/sites.ecclesia.pt\/cv\/rostos-palavras-86\/","title":{"rendered":"Rostos &#038; Palavras"},"content":{"rendered":"<p>\u201cQuero exprimir a minha solicitude pastoral por todos aqueles que est\u00e3o a ser afetados pela profunda crise econ\u00f3mica e social em que est\u00e1 mergulhado o nosso pa\u00eds. Todos est\u00e3o quotidianamente presentes na minha ora\u00e7\u00e3o. Para todos imploro a ajuda, o conforto e a for\u00e7a an\u00edmica que s\u00f3 Deus pode dar\u201d.<\/p>\n<p>D. Jos\u00e9 Alves, arcebispo de \u00c9vora, na mensagem em que anuncia a inten\u00e7\u00e3o de realizar a visita pastoral \u00e0s par\u00f3quias da vigararia de Arraiolos em 2013.<\/p>\n","protected":false},"excerpt":{"rendered":"<p>\u201cQuero exprimir a minha solicitude pastoral por todos aqueles que est\u00e3o a ser afetados pela profunda crise econ\u00f3mica e social em que est\u00e1 mergulhado o nosso pa\u00eds. Todos est\u00e3o quotidianamente presentes na minha ora\u00e7\u00e3o. Para todos imploro a ajuda, o conforto e a for\u00e7a an\u00edmica que s\u00f3 Deus pode dar\u201d. D. Jos\u00e9 Alves, arcebispo de [&hellip;]<\/p>\n","protected":false},"author":1,"featured_media":0,"comment_status":"open","ping_status":"open","sticky":false,"template":"","format":"standard","meta":{"footnotes":""},"categories":[53],"tags":[],"class_list":["post-21564","post","type-post","status-publish","format-standard","hentry","category-igreja-em-portugal"],"_links":{"self":[{"href":"https:\/\/sites.ecclesia.pt\/cv\/wp-json\/wp\/v2\/posts\/21564","targetHints":{"allow":["GET"]}}],"collection":[{"href":"https:\/\/sites.ecclesia.pt\/cv\/wp-json\/wp\/v2\/posts"}],"about":[{"href":"https:\/\/sites.ecclesia.pt\/cv\/wp-json\/wp\/v2\/types\/post"}],"author":[{"embeddable":true,"href":"https:\/\/sites.ecclesia.pt\/cv\/wp-json\/wp\/v2\/users\/1"}],"replies":[{"embeddable":true,"href":"https:\/\/sites.ecclesia.pt\/cv\/wp-json\/wp\/v2\/comments?post=21564"}],"version-history":[{"count":0,"href":"https:\/\/sites.ecclesia.pt\/cv\/wp-json\/wp\/v2\/posts\/21564\/revisions"}],"wp:attachment":[{"href":"https:\/\/sites.ecclesia.pt\/cv\/wp-json\/wp\/v2\/media?parent=21564"}],"wp:term":[{"taxonomy":"category","embeddable":true,"href":"https:\/\/sites.ecclesia.pt\/cv\/wp-json\/wp\/v2\/categories?post=21564"},{"taxonomy":"post_tag","embeddable":true,"href":"https:\/\/sites.ecclesia.pt\/cv\/wp-json\/wp\/v2\/tags?post=21564"}],"curies":[{"name":"wp","href":"https:\/\/api.w.org\/{rel}","templated":true}]}}