{"id":21565,"date":"2013-02-14T09:21:00","date_gmt":"2013-02-14T09:21:00","guid":{"rendered":"http:\/\/localhost:81\/wp1\/?p=21565"},"modified":"2013-02-14T09:21:00","modified_gmt":"2013-02-14T09:21:00","slug":"bento-xvi-apresenta-resignacao","status":"publish","type":"post","link":"https:\/\/sites.ecclesia.pt\/cv\/bento-xvi-apresenta-resignacao\/","title":{"rendered":"Bento XVI apresenta resigna\u00e7\u00e3o"},"content":{"rendered":"<p>&#8220;As minhas for\u00e7as j\u00e1 n\u00e3o s\u00e3o id\u00f3neas para exercer o minist\u00e9rio petrino&#8221; <!--more--> Papa comunica decis\u00e3o em encontro com cardeais, alegando falta de \u00abfor\u00e7as\u00bb e \u00abidade avan\u00e7ada\u00bb<\/p>\n<p>Bento XVI anunciou numa reuni\u00e3o com cardeais, na segunda-feira, 11 de fevereiro, a sua decis\u00e3o de resignar ao cargo a partir do dia 28 de fevereiro, abrindo assim caminho para a elei\u00e7\u00e3o de um novo Papa.<\/p>\n<p>\u201cCheguei \u00e0 certeza de que as minhas for\u00e7as, devido \u00e0 idade avan\u00e7ada, j\u00e1 n\u00e3o s\u00e3o id\u00f3neas para exercer adequadamente o minist\u00e9rio petrino\u201d, referiu, em latim, numa interven\u00e7\u00e3o publicada pelo Vaticano.<\/p>\n<p>O Papa revelou a sua decis\u00e3o durante o consist\u00f3rio (encontro com cardeais) que tinha sido convocado para decidir tr\u00eas causas de canoniza\u00e7\u00e3o. Bento XVI admitiu que este \u00e9 um momento \u201cde grande import\u00e2ncia para a vida da Igreja\u201d e diz ter chegado \u00e0 conclus\u00e3o de ser melhor resignar \u201cap\u00f3s ter repetidamente examinado a sua consci\u00eancia diante da Deus\u201d.<\/p>\n<p>\u201cNo mundo de hoje, sujeito a r\u00e1pidas mudan\u00e7as e agitado por quest\u00f5es de grande relev\u00e2ncia para a vida da f\u00e9, para governar a barca de S\u00e3o Pedro e anunciar o Evangelho, \u00e9 necess\u00e1rio tamb\u00e9m o vigor quer do corpo quer do esp\u00edrito; vigor este, que, nos \u00faltimos meses, foi diminuindo de tal modo em mim que tenho de reconhecer a minha incapacidade para  administrar bem o minist\u00e9rio que me foi confiado\u201d, explica.<\/p>\n<p>O C\u00f3digo de Direito Can\u00f3nico, prev\u00ea a possibilidade jur\u00eddica de ren\u00fancia por parte do Papa e esta ren\u00fancia n\u00e3o precisa de ser aceite por ningu\u00e9m para ter validade, como indica o C\u00e2none 332.<\/p>\n<p>O que se exige \u00e9 que o Papa renuncie livremente e que manifeste a sua decis\u00e3o de modo claro e p\u00fablico, como aconteceu na segunda-feira no Vaticano.<\/p>\n<p>\u201cBem consciente da gravidade deste ato, com plena liberdade, declaro que renuncio ao minist\u00e9rio de bispo de Roma, sucessor de S\u00e3o Pedro, que me foi confiado pela m\u00e3o dos cardeais em 19 de abril de 2005, pelo que, a partir de 28 de fevereiro de 2013, \u00e0s 20h00, a sede de Roma, a sede de S\u00e3o Pedro, ficar\u00e1 vacante e dever\u00e1 ser convocado, por aqueles a quem tal compete, o Conclave para a elei\u00e7\u00e3o do novo Sumo Pont\u00edfice\u201d, declarou Bento XVI.<\/p>\n<p>O Papa agradeceu aos presentes \u201ctodo o amor e a fadiga\u201d com que o apoiaram e pediu \u201cperd\u00e3o\u201d por todos os seus defeitos.<\/p>\n<p>\u201cPelo que me diz respeito, nomeadamente no futuro, quero servir de todo o cora\u00e7\u00e3o, com uma vida consagrada \u00e0 ora\u00e7\u00e3o, a Santa Igreja de Deus\u201d, concluiu.<\/p>\n<p>O \u00faltimo caso de ren\u00fancia, situa\u00e7\u00e3o pouco comum na hist\u00f3ria da Igreja, tinha sido o do Papa Greg\u00f3rio XII, em 1415.<\/p>\n<p>Joseph Ratzinger, que foi eleito em abril de 2005 para suceder a Jo\u00e3o Paulo II, vai completar 86 anos de idade no dia 16 de abril.<\/p>\n<p>A partir das 20h00 (menos uma em Lisboa) do dia 28 de fevereiro, a Igreja fica em estado de \u201cS\u00e9 Vacante\u201d, sendo convocado um Conclave para a elei\u00e7\u00e3o de um novo Papa.<\/p>\n<p>Em abril de 2009, Bento XVI realizou um gesto simb\u00f3lico ao depositar o p\u00e1lio \u2013 ins\u00edgnia pessoal e de autoridade &#8211; junto da porta santa da Bas\u00edlica de de Collemaggio, de L\u2019Aquila (It\u00e1lia), que lhe fora imposto no dia do in\u00edcio de pontificado, em cima do relic\u00e1rio com os restos mortais do Papa Celestino V, (1215 &#8211; 1296), pont\u00edfice que governou a Igreja Cat\u00f3lica apenas durante uns meses, em 1294, antes de apresentar a sua ren\u00fancia.<\/p>\n","protected":false},"excerpt":{"rendered":"<p>&#8220;As minhas for\u00e7as j\u00e1 n\u00e3o s\u00e3o id\u00f3neas para exercer o minist\u00e9rio petrino&#8221;<\/p>\n","protected":false},"author":1,"featured_media":0,"comment_status":"open","ping_status":"open","sticky":false,"template":"","format":"standard","meta":{"footnotes":""},"categories":[38],"tags":[],"class_list":["post-21565","post","type-post","status-publish","format-standard","hentry","category-destaque"],"_links":{"self":[{"href":"https:\/\/sites.ecclesia.pt\/cv\/wp-json\/wp\/v2\/posts\/21565","targetHints":{"allow":["GET"]}}],"collection":[{"href":"https:\/\/sites.ecclesia.pt\/cv\/wp-json\/wp\/v2\/posts"}],"about":[{"href":"https:\/\/sites.ecclesia.pt\/cv\/wp-json\/wp\/v2\/types\/post"}],"author":[{"embeddable":true,"href":"https:\/\/sites.ecclesia.pt\/cv\/wp-json\/wp\/v2\/users\/1"}],"replies":[{"embeddable":true,"href":"https:\/\/sites.ecclesia.pt\/cv\/wp-json\/wp\/v2\/comments?post=21565"}],"version-history":[{"count":0,"href":"https:\/\/sites.ecclesia.pt\/cv\/wp-json\/wp\/v2\/posts\/21565\/revisions"}],"wp:attachment":[{"href":"https:\/\/sites.ecclesia.pt\/cv\/wp-json\/wp\/v2\/media?parent=21565"}],"wp:term":[{"taxonomy":"category","embeddable":true,"href":"https:\/\/sites.ecclesia.pt\/cv\/wp-json\/wp\/v2\/categories?post=21565"},{"taxonomy":"post_tag","embeddable":true,"href":"https:\/\/sites.ecclesia.pt\/cv\/wp-json\/wp\/v2\/tags?post=21565"}],"curies":[{"name":"wp","href":"https:\/\/api.w.org\/{rel}","templated":true}]}}