{"id":21566,"date":"2012-11-22T10:22:00","date_gmt":"2012-11-22T10:22:00","guid":{"rendered":"http:\/\/localhost:81\/wp1\/?p=21566"},"modified":"2012-11-22T10:22:00","modified_gmt":"2012-11-22T10:22:00","slug":"memoria-cv-14","status":"publish","type":"post","link":"https:\/\/sites.ecclesia.pt\/cv\/memoria-cv-14\/","title":{"rendered":"Mem\u00f3ria CV"},"content":{"rendered":"<p>Na edi\u00e7\u00e3o de 20 de novembro de 1987:<\/p>\n<p>\u2022 Anuncia-se a cria\u00e7\u00e3o da par\u00f3quia de Santa Catarina, \u201cj\u00e1 freguesia civil h\u00e1 mais de um ano\u201d, desmembrada da par\u00f3quia de Cov\u00e3o do Lobo.<\/p>\n<p>\u2022 O C\u00edrculo de Cultura Cat\u00f3lica promove em Aveiro um curso sobre \u201ca comunica\u00e7\u00e3o social ao servi\u00e7o da pessoa humana\u201d.<\/p>\n<p>\u2022Vivendo-se o ano internacional dos sem-teto, reflete-se na primeira p\u00e1gina sobre o \u201cproblema da falta de habita\u00e7\u00e3o\u201d.<\/p>\n","protected":false},"excerpt":{"rendered":"<p>Na edi\u00e7\u00e3o de 20 de novembro de 1987: \u2022 Anuncia-se a cria\u00e7\u00e3o da par\u00f3quia de Santa Catarina, \u201cj\u00e1 freguesia civil h\u00e1 mais de um ano\u201d, desmembrada da par\u00f3quia de Cov\u00e3o do Lobo. \u2022 O C\u00edrculo de Cultura Cat\u00f3lica promove em Aveiro um curso sobre \u201ca comunica\u00e7\u00e3o social ao servi\u00e7o da pessoa humana\u201d. \u2022Vivendo-se o ano [&hellip;]<\/p>\n","protected":false},"author":1,"featured_media":0,"comment_status":"open","ping_status":"open","sticky":false,"template":"","format":"standard","meta":{"footnotes":""},"categories":[56],"tags":[],"class_list":["post-21566","post","type-post","status-publish","format-standard","hentry","category-almanaque"],"_links":{"self":[{"href":"https:\/\/sites.ecclesia.pt\/cv\/wp-json\/wp\/v2\/posts\/21566","targetHints":{"allow":["GET"]}}],"collection":[{"href":"https:\/\/sites.ecclesia.pt\/cv\/wp-json\/wp\/v2\/posts"}],"about":[{"href":"https:\/\/sites.ecclesia.pt\/cv\/wp-json\/wp\/v2\/types\/post"}],"author":[{"embeddable":true,"href":"https:\/\/sites.ecclesia.pt\/cv\/wp-json\/wp\/v2\/users\/1"}],"replies":[{"embeddable":true,"href":"https:\/\/sites.ecclesia.pt\/cv\/wp-json\/wp\/v2\/comments?post=21566"}],"version-history":[{"count":0,"href":"https:\/\/sites.ecclesia.pt\/cv\/wp-json\/wp\/v2\/posts\/21566\/revisions"}],"wp:attachment":[{"href":"https:\/\/sites.ecclesia.pt\/cv\/wp-json\/wp\/v2\/media?parent=21566"}],"wp:term":[{"taxonomy":"category","embeddable":true,"href":"https:\/\/sites.ecclesia.pt\/cv\/wp-json\/wp\/v2\/categories?post=21566"},{"taxonomy":"post_tag","embeddable":true,"href":"https:\/\/sites.ecclesia.pt\/cv\/wp-json\/wp\/v2\/tags?post=21566"}],"curies":[{"name":"wp","href":"https:\/\/api.w.org\/{rel}","templated":true}]}}