{"id":21567,"date":"2012-11-22T10:23:00","date_gmt":"2012-11-22T10:23:00","guid":{"rendered":"http:\/\/localhost:81\/wp1\/?p=21567"},"modified":"2012-11-22T10:23:00","modified_gmt":"2012-11-22T10:23:00","slug":"confissao-2","status":"publish","type":"post","link":"https:\/\/sites.ecclesia.pt\/cv\/confissao-2\/","title":{"rendered":"Confiss\u00e3o"},"content":{"rendered":"<p>Poema <!--more--> Quantas vezes, cansado, em ar furtivo<\/p>\n<p>eu venho encarcerar-me no meu quarto\u2026<\/p>\n<p>Quando do mundo j\u00e1 me encontro farto<\/p>\n<p>dos seus rostos, do triste ou do festivo!<\/p>\n<p>Procuro aqui sossego, o lenitivo<\/p>\n<p>para os males que tenho e n\u00e3o reparto.<\/p>\n<p>A sombra faz-me bem. Da luz me aparto,<\/p>\n<p>que apenas este ambiente \u00e9 compassivo.<\/p>\n<p>Sentindo do sil\u00eancio o peso brando<\/p>\n<p>e enquanto \u00e0 volta tudo vai parando<\/p>\n<p>des\u00e7o-me \u00e0 noite, Amigo, e n\u00e3o existo.<\/p>\n<p>Escondo-me no escuro onde j\u00e1 moro<\/p>\n<p>mas indo tapo o rosto. Ent\u00e3o eu choro\u2026<\/p>\n<p>Separo-me de mim\u2026 e penso em Cristo!<\/p>\n<p>Jos\u00e9 Martins da Silva<\/p>\n<p>Soneto originalmente publicado neste jornal, na edi\u00e7\u00e3o de 3 de fevereiro de 1962. De Jos\u00e9 Martins da Silva (Gl\u00f3ria-Aveiro, 1930 \u2013 Estarreja, 2010), como se noticiou na edi\u00e7\u00e3o da semana passada, ser\u00e1 lan\u00e7ado em Estarreja, no dia 23 de novembro, sexta-feira, pelas 21h30, na Biblioteca Municipal, o livro \u201cVersos que v\u00e3o no vento\u201d. O autor, funcion\u00e1rio da Cires durante 32 anos, foi diretor do jornal \u201cO Concelho de Estarreja\u201d (1978-2012) e colaborador e dirigente de v\u00e1rias coletividades.<\/p>\n","protected":false},"excerpt":{"rendered":"<p>Poema<\/p>\n","protected":false},"author":1,"featured_media":0,"comment_status":"open","ping_status":"open","sticky":false,"template":"","format":"standard","meta":{"footnotes":""},"categories":[52],"tags":[],"class_list":["post-21567","post","type-post","status-publish","format-standard","hentry","category-espiritualidade"],"_links":{"self":[{"href":"https:\/\/sites.ecclesia.pt\/cv\/wp-json\/wp\/v2\/posts\/21567","targetHints":{"allow":["GET"]}}],"collection":[{"href":"https:\/\/sites.ecclesia.pt\/cv\/wp-json\/wp\/v2\/posts"}],"about":[{"href":"https:\/\/sites.ecclesia.pt\/cv\/wp-json\/wp\/v2\/types\/post"}],"author":[{"embeddable":true,"href":"https:\/\/sites.ecclesia.pt\/cv\/wp-json\/wp\/v2\/users\/1"}],"replies":[{"embeddable":true,"href":"https:\/\/sites.ecclesia.pt\/cv\/wp-json\/wp\/v2\/comments?post=21567"}],"version-history":[{"count":0,"href":"https:\/\/sites.ecclesia.pt\/cv\/wp-json\/wp\/v2\/posts\/21567\/revisions"}],"wp:attachment":[{"href":"https:\/\/sites.ecclesia.pt\/cv\/wp-json\/wp\/v2\/media?parent=21567"}],"wp:term":[{"taxonomy":"category","embeddable":true,"href":"https:\/\/sites.ecclesia.pt\/cv\/wp-json\/wp\/v2\/categories?post=21567"},{"taxonomy":"post_tag","embeddable":true,"href":"https:\/\/sites.ecclesia.pt\/cv\/wp-json\/wp\/v2\/tags?post=21567"}],"curies":[{"name":"wp","href":"https:\/\/api.w.org\/{rel}","templated":true}]}}