{"id":21570,"date":"2012-11-28T16:01:00","date_gmt":"2012-11-28T16:01:00","guid":{"rendered":"http:\/\/localhost:81\/wp1\/?p=21570"},"modified":"2012-11-28T16:01:00","modified_gmt":"2012-11-28T16:01:00","slug":"pastoral-do-turismo-online","status":"publish","type":"post","link":"https:\/\/sites.ecclesia.pt\/cv\/pastoral-do-turismo-online\/","title":{"rendered":"Pastoral do Turismo online"},"content":{"rendered":"<p>http:\/\/www.pastoraldoturismo.pt\/ <!--more--> Foi apresentada esta semana, em Lisboa, a Obra Nacional da Pastoral do Turismo (ONPT), numa sess\u00e3o p\u00fablica com a presen\u00e7a de D. Jorge Ortiga, presidente da Comiss\u00e3o Episcopal da Pastoral Social e Mobilidade Humana. Esta estrutura criada pela Confer\u00eancia Episcopal Portuguesa a 8 de maio passado compromete-se \u201ca contribuir para uma permanente requalifica\u00e7\u00e3o e promo\u00e7\u00e3o do turismo em Portugal\u201d.<\/p>\n<p>Ao digitarmos o endere\u00e7o www.pastoraldoturismo.pt entramos num espa\u00e7o simples, com imagens de elevada qualidade e bastante eficaz, do ponto de vista de acesso aos conte\u00fados disponibilizados.<\/p>\n<p>Na p\u00e1gina principal, al\u00e9m do menu e dos habituais destaques, encontramos a liga\u00e7\u00e3o de acesso \u00e0 p\u00e1gina do Facebook e ainda podemos assinar a newsletter. De seguida, ao clicarmos em ONPT, ficamos a saber que uma das principais finalidades passa pela promo\u00e7\u00e3o do \u201crespeito pela dignidade da pessoa humana e a procura do bem comum, expressos pela Doutrina Social da Igreja, em toda a atividade tur\u00edstica\u201d. Por outro lado, nessa mesma op\u00e7\u00e3o podemos ainda consultar os estatutos, perceber quem s\u00e3o os membros que comp\u00f5em a atual dire\u00e7\u00e3o e consultar a imagem gr\u00e1fica.<\/p>\n<p>Em atividades, conforme o nome o refere, somos convidados a conhecer as a\u00e7\u00f5es e os dinamismos que s\u00e3o desenvolvidos por esta organiza\u00e7\u00e3o que pretende mostrar a quem  \u201cvisita uma igreja ou um santu\u00e1rio que o que v\u00ea \u00e9 muito mais que uma obra de arte\u201d.<\/p>\n<p>Na sec\u00e7\u00e3o \u201cdocumentos\u201d, dispomos de um conjunto de escritos dispostos em tr\u00eas grandes \u00e1reas (Santa S\u00e9, nacionais e internacionais), onde, al\u00e9m de outros, podemos ler a mensagem do Papa para o dia mundial do turismo. Caso pretenda aceder \u00e0 liturgia, lecion\u00e1rio e rituais, em l\u00edngua inglesa, basta clicar em \u201cliturgia\u201d, uma proposta interessante e reveladora da aten\u00e7\u00e3o para com os turistas.<\/p>\n<p>Em destinos, entramos num espa\u00e7o interessante e que ir\u00e1 merecer especial aten\u00e7\u00e3o por parte dos visitantes deste s\u00edtio. A\u00ed temos dispostas as vinte dioceses nacionais e em cada uma delas encontramos algumas sugest\u00f5es de visitas tur\u00edsticas.<\/p>\n<p>Aqui fica a sugest\u00e3o para que v\u00e3o acompanhando pela Internet a presen\u00e7a da ONPT, porque apesar de ainda agora estar a dar os primeiros passos, ela \u00e9 um novo meio ao servi\u00e7o da Igreja, para poder mostrar a \u201cbeleza de Deus\u201d.<\/p>\n<p>Fernando Cassola Marques<\/p>\n","protected":false},"excerpt":{"rendered":"<p>entrada 2023<\/p>\n","protected":false},"author":1,"featured_media":0,"comment_status":"open","ping_status":"open","sticky":false,"template":"","format":"standard","meta":{"footnotes":""},"categories":[54],"tags":[],"class_list":["post-21570","post","type-post","status-publish","format-standard","hentry","category-livros-e-multimedia"],"_links":{"self":[{"href":"https:\/\/sites.ecclesia.pt\/cv\/wp-json\/wp\/v2\/posts\/21570","targetHints":{"allow":["GET"]}}],"collection":[{"href":"https:\/\/sites.ecclesia.pt\/cv\/wp-json\/wp\/v2\/posts"}],"about":[{"href":"https:\/\/sites.ecclesia.pt\/cv\/wp-json\/wp\/v2\/types\/post"}],"author":[{"embeddable":true,"href":"https:\/\/sites.ecclesia.pt\/cv\/wp-json\/wp\/v2\/users\/1"}],"replies":[{"embeddable":true,"href":"https:\/\/sites.ecclesia.pt\/cv\/wp-json\/wp\/v2\/comments?post=21570"}],"version-history":[{"count":0,"href":"https:\/\/sites.ecclesia.pt\/cv\/wp-json\/wp\/v2\/posts\/21570\/revisions"}],"wp:attachment":[{"href":"https:\/\/sites.ecclesia.pt\/cv\/wp-json\/wp\/v2\/media?parent=21570"}],"wp:term":[{"taxonomy":"category","embeddable":true,"href":"https:\/\/sites.ecclesia.pt\/cv\/wp-json\/wp\/v2\/categories?post=21570"},{"taxonomy":"post_tag","embeddable":true,"href":"https:\/\/sites.ecclesia.pt\/cv\/wp-json\/wp\/v2\/tags?post=21570"}],"curies":[{"name":"wp","href":"https:\/\/api.w.org\/{rel}","templated":true}]}}