{"id":21571,"date":"2012-11-28T16:14:00","date_gmt":"2012-11-28T16:14:00","guid":{"rendered":"http:\/\/localhost:81\/wp1\/?p=21571"},"modified":"2012-11-28T16:14:00","modified_gmt":"2012-11-28T16:14:00","slug":"descer-e-subir-ao-ceu","status":"publish","type":"post","link":"https:\/\/sites.ecclesia.pt\/cv\/descer-e-subir-ao-ceu\/","title":{"rendered":"Descer e subir ao c\u00e9u"},"content":{"rendered":"<p>Rir e Pensar <!--more--> Um dia, ao visitar um acampamento militar, apresentaram a Giuseppe Roncalli, que era n\u00fancio em Paris, um grupo de paraquedistas. Disse-lhes ent\u00e3o o que viria a ser o Papa Jo\u00e3o XXIII:<\/p>\n<p>&#8211; N\u00e3o quereria, rapazes, que \u00e0 for\u00e7a de descerdes do c\u00e9u, vos esquec\u00easseis da maneira de subir.<\/p>\n","protected":false},"excerpt":{"rendered":"<p>Rir e Pensar<\/p>\n","protected":false},"author":1,"featured_media":0,"comment_status":"open","ping_status":"open","sticky":false,"template":"","format":"standard","meta":{"footnotes":""},"categories":[52],"tags":[],"class_list":["post-21571","post","type-post","status-publish","format-standard","hentry","category-espiritualidade"],"_links":{"self":[{"href":"https:\/\/sites.ecclesia.pt\/cv\/wp-json\/wp\/v2\/posts\/21571","targetHints":{"allow":["GET"]}}],"collection":[{"href":"https:\/\/sites.ecclesia.pt\/cv\/wp-json\/wp\/v2\/posts"}],"about":[{"href":"https:\/\/sites.ecclesia.pt\/cv\/wp-json\/wp\/v2\/types\/post"}],"author":[{"embeddable":true,"href":"https:\/\/sites.ecclesia.pt\/cv\/wp-json\/wp\/v2\/users\/1"}],"replies":[{"embeddable":true,"href":"https:\/\/sites.ecclesia.pt\/cv\/wp-json\/wp\/v2\/comments?post=21571"}],"version-history":[{"count":0,"href":"https:\/\/sites.ecclesia.pt\/cv\/wp-json\/wp\/v2\/posts\/21571\/revisions"}],"wp:attachment":[{"href":"https:\/\/sites.ecclesia.pt\/cv\/wp-json\/wp\/v2\/media?parent=21571"}],"wp:term":[{"taxonomy":"category","embeddable":true,"href":"https:\/\/sites.ecclesia.pt\/cv\/wp-json\/wp\/v2\/categories?post=21571"},{"taxonomy":"post_tag","embeddable":true,"href":"https:\/\/sites.ecclesia.pt\/cv\/wp-json\/wp\/v2\/tags?post=21571"}],"curies":[{"name":"wp","href":"https:\/\/api.w.org\/{rel}","templated":true}]}}