{"id":21576,"date":"2012-12-12T11:52:00","date_gmt":"2012-12-12T11:52:00","guid":{"rendered":"http:\/\/localhost:81\/wp1\/?p=21576"},"modified":"2012-12-12T11:52:00","modified_gmt":"2012-12-12T11:52:00","slug":"365-dicas-para-a-fe","status":"publish","type":"post","link":"https:\/\/sites.ecclesia.pt\/cv\/365-dicas-para-a-fe\/","title":{"rendered":"365 dicas para a f\u00e9"},"content":{"rendered":"<p>Livro <!--more--> 365 dias de f\u00e9. Pensamentos e cita\u00e7\u00f5es<\/p>\n<p>Luigi Guglielmoni e Fausto Negri<\/p>\n<p>Edi\u00e7\u00f5es Salesianas<\/p>\n<p>80 p\u00e1ginas<\/p>\n<p>De 1 de janeiro a 31 de dezembro, este livro oferece 365 cita\u00e7\u00f5es sobre a f\u00e9, uma para cada dia do ano, portanto. Dicas para a f\u00e9.<\/p>\n<p>Os pensamentos e cita\u00e7\u00f5es foram escolhidos a prop\u00f3sito do Ano da F\u00e9, que vai de 11 de outubro de 2012 (50 anos da abertura do II Conc\u00edlio do Vaticano) a 24 de novembro de 2013 (solenidade de Cristo Rei), mas, terminado o ano da f\u00e9, que abarca quase 11 dos 12 meses de 2013, o livro continuar\u00e1 a ser \u00fatil, pois \u201cum homem sem f\u00e9 \u00e9 como um viajante sem meta\u201d (Santo Agostinho, no dia 1 de junho), e isso aplica-se a qualquer dia de qualqualquer ano.<\/p>\n<p>As cita\u00e7\u00f5es seguem, no entanto, uma tem\u00e1tica mensal, de \u201cf\u00e9 \u00e9\u2026 f\u00e9 n\u00e3o \u00e9\u201d, em janeiro, a \u201ctestemunhos de f\u00e9\u201d, em dezembro, passando por \u201cf\u00e9 e raz\u00e3o\u201d, em abril, ou \u201cobst\u00e1culos de f\u00e9\u201d, em junho.<\/p>\n<p>Este, sim, \u00e9 um daqueles livrinhos que d\u00e3o para abrir \u00e0 sorte e tirar algo de \u00fatil. Por exemplo: \u201cA f\u00e9 \u00e9 uma aventura perigosa para os fracos\u201d, de Soren Kiekegaard, no dia 17 de junho. Outro teste: \u201cA ora\u00e7\u00e3o \u00e9 a eloqu\u00eancia da f\u00e9. Sem a ora\u00e7\u00e3o n\u00e3o h\u00e1 sequer f\u00e9\u201d, de Enzo Bianchi, no dia 10 de agosto \u2013 mesmo a calhar para as f\u00e9rias.<\/p>\n<p>J.P.F.<\/p>\n","protected":false},"excerpt":{"rendered":"<p>Livro<\/p>\n","protected":false},"author":1,"featured_media":0,"comment_status":"open","ping_status":"open","sticky":false,"template":"","format":"standard","meta":{"footnotes":""},"categories":[54],"tags":[],"class_list":["post-21576","post","type-post","status-publish","format-standard","hentry","category-livros-e-multimedia"],"_links":{"self":[{"href":"https:\/\/sites.ecclesia.pt\/cv\/wp-json\/wp\/v2\/posts\/21576","targetHints":{"allow":["GET"]}}],"collection":[{"href":"https:\/\/sites.ecclesia.pt\/cv\/wp-json\/wp\/v2\/posts"}],"about":[{"href":"https:\/\/sites.ecclesia.pt\/cv\/wp-json\/wp\/v2\/types\/post"}],"author":[{"embeddable":true,"href":"https:\/\/sites.ecclesia.pt\/cv\/wp-json\/wp\/v2\/users\/1"}],"replies":[{"embeddable":true,"href":"https:\/\/sites.ecclesia.pt\/cv\/wp-json\/wp\/v2\/comments?post=21576"}],"version-history":[{"count":0,"href":"https:\/\/sites.ecclesia.pt\/cv\/wp-json\/wp\/v2\/posts\/21576\/revisions"}],"wp:attachment":[{"href":"https:\/\/sites.ecclesia.pt\/cv\/wp-json\/wp\/v2\/media?parent=21576"}],"wp:term":[{"taxonomy":"category","embeddable":true,"href":"https:\/\/sites.ecclesia.pt\/cv\/wp-json\/wp\/v2\/categories?post=21576"},{"taxonomy":"post_tag","embeddable":true,"href":"https:\/\/sites.ecclesia.pt\/cv\/wp-json\/wp\/v2\/tags?post=21576"}],"curies":[{"name":"wp","href":"https:\/\/api.w.org\/{rel}","templated":true}]}}