{"id":21589,"date":"2013-01-30T15:00:00","date_gmt":"2013-01-30T15:00:00","guid":{"rendered":"http:\/\/localhost:81\/wp1\/?p=21589"},"modified":"2013-01-30T15:00:00","modified_gmt":"2013-01-30T15:00:00","slug":"morreu-o-cardeal-da-transicao-na-polonia","status":"publish","type":"post","link":"https:\/\/sites.ecclesia.pt\/cv\/morreu-o-cardeal-da-transicao-na-polonia\/","title":{"rendered":"Morreu o cardeal da transi\u00e7\u00e3o na Pol\u00f3nia"},"content":{"rendered":"<p>Jozef Glemp (1929-2013) <!--more--> Morreu no dia 23 de janeiro o cardeal Jozef Glemp, de 83 anos, que foi o primaz da Pol\u00f3nia entre 1981 e 2009, acompanhando a queda do regime comunista.<\/p>\n<p>No telegrama de pesar, Bento XVI define o cardeal como um defensor da dignidade humana numa \u00e9poca dif\u00edcil e elogia o seu \u201cprofundo amor a Deus e ao pr\u00f3ximo, que era a luz, a inspira\u00e7\u00e3o e for\u00e7a no dif\u00edcil minist\u00e9rio de guia da Igreja naquela \u00e9poca em que importantes transforma\u00e7\u00f5es sociais e pol\u00edticas afetaram a Pol\u00f3nia e a Europa\u201d.<\/p>\n<p>Bento XVI recorda que \u201co amor a Deus e \u00e0 Igreja, a preocupa\u00e7\u00e3o com a vida e a dignidade de cada pessoa, fizeram do cardeal Glemp um ap\u00f3stolo da unidade contra a divis\u00e3o, em favor da conc\u00f3rdia e da constru\u00e7\u00e3o de um futuro feliz baseado nas experi\u00eancias alegres e dolorosas da Igreja e do povo\u201d. \u201cContinuando o trabalho do cardeal Stefan Wyszynski, em comunh\u00e3o constante com o Papa Jo\u00e3o Paulo II, com grande prud\u00eancia, resolveu muitas quest\u00f5es e problemas na vida pol\u00edtica, social e religiosa dos polacos\u201d, refere ainda a mensagem.<\/p>\n","protected":false},"excerpt":{"rendered":"<p>Jozef Glemp (1929-2013)<\/p>\n","protected":false},"author":1,"featured_media":0,"comment_status":"open","ping_status":"open","sticky":false,"template":"","format":"standard","meta":{"footnotes":""},"categories":[55],"tags":[],"class_list":["post-21589","post","type-post","status-publish","format-standard","hentry","category-igreja-no-mundo"],"_links":{"self":[{"href":"https:\/\/sites.ecclesia.pt\/cv\/wp-json\/wp\/v2\/posts\/21589","targetHints":{"allow":["GET"]}}],"collection":[{"href":"https:\/\/sites.ecclesia.pt\/cv\/wp-json\/wp\/v2\/posts"}],"about":[{"href":"https:\/\/sites.ecclesia.pt\/cv\/wp-json\/wp\/v2\/types\/post"}],"author":[{"embeddable":true,"href":"https:\/\/sites.ecclesia.pt\/cv\/wp-json\/wp\/v2\/users\/1"}],"replies":[{"embeddable":true,"href":"https:\/\/sites.ecclesia.pt\/cv\/wp-json\/wp\/v2\/comments?post=21589"}],"version-history":[{"count":0,"href":"https:\/\/sites.ecclesia.pt\/cv\/wp-json\/wp\/v2\/posts\/21589\/revisions"}],"wp:attachment":[{"href":"https:\/\/sites.ecclesia.pt\/cv\/wp-json\/wp\/v2\/media?parent=21589"}],"wp:term":[{"taxonomy":"category","embeddable":true,"href":"https:\/\/sites.ecclesia.pt\/cv\/wp-json\/wp\/v2\/categories?post=21589"},{"taxonomy":"post_tag","embeddable":true,"href":"https:\/\/sites.ecclesia.pt\/cv\/wp-json\/wp\/v2\/tags?post=21589"}],"curies":[{"name":"wp","href":"https:\/\/api.w.org\/{rel}","templated":true}]}}