{"id":21590,"date":"2013-01-30T15:01:00","date_gmt":"2013-01-30T15:01:00","guid":{"rendered":"http:\/\/localhost:81\/wp1\/?p=21590"},"modified":"2013-01-30T15:01:00","modified_gmt":"2013-01-30T15:01:00","slug":"mensagem-do-papa-na-rede-twitter","status":"publish","type":"post","link":"https:\/\/sites.ecclesia.pt\/cv\/mensagem-do-papa-na-rede-twitter\/","title":{"rendered":"Mensagem do Papa na rede Twitter"},"content":{"rendered":"<p>https:\/\/twitter.com\/pontifex_pt <!--more--> 27 de janeiro<\/p>\n<p>Qual \u00e9 o significado do domingo, dia do Senhor, para n\u00f3s? \u00c9 um dia para o descanso e para a fam\u00edlia, mas em primeiro lugar \u00e9 um dia para Deus<\/p>\n<p>23 de janeiro<\/p>\n<p>Muitos s\u00e3o hoje os \u00eddolos falsos que se levantam. Os crist\u00e3os, se querem ser fi\u00e9is, n\u00e3o devem ter medo de seguir em contracorrente.<\/p>\n","protected":false},"excerpt":{"rendered":"<p>https:\/\/twitter.com\/pontifex_pt<\/p>\n","protected":false},"author":1,"featured_media":0,"comment_status":"open","ping_status":"open","sticky":false,"template":"","format":"standard","meta":{"footnotes":""},"categories":[55],"tags":[],"class_list":["post-21590","post","type-post","status-publish","format-standard","hentry","category-igreja-no-mundo"],"_links":{"self":[{"href":"https:\/\/sites.ecclesia.pt\/cv\/wp-json\/wp\/v2\/posts\/21590","targetHints":{"allow":["GET"]}}],"collection":[{"href":"https:\/\/sites.ecclesia.pt\/cv\/wp-json\/wp\/v2\/posts"}],"about":[{"href":"https:\/\/sites.ecclesia.pt\/cv\/wp-json\/wp\/v2\/types\/post"}],"author":[{"embeddable":true,"href":"https:\/\/sites.ecclesia.pt\/cv\/wp-json\/wp\/v2\/users\/1"}],"replies":[{"embeddable":true,"href":"https:\/\/sites.ecclesia.pt\/cv\/wp-json\/wp\/v2\/comments?post=21590"}],"version-history":[{"count":0,"href":"https:\/\/sites.ecclesia.pt\/cv\/wp-json\/wp\/v2\/posts\/21590\/revisions"}],"wp:attachment":[{"href":"https:\/\/sites.ecclesia.pt\/cv\/wp-json\/wp\/v2\/media?parent=21590"}],"wp:term":[{"taxonomy":"category","embeddable":true,"href":"https:\/\/sites.ecclesia.pt\/cv\/wp-json\/wp\/v2\/categories?post=21590"},{"taxonomy":"post_tag","embeddable":true,"href":"https:\/\/sites.ecclesia.pt\/cv\/wp-json\/wp\/v2\/tags?post=21590"}],"curies":[{"name":"wp","href":"https:\/\/api.w.org\/{rel}","templated":true}]}}