{"id":21591,"date":"2013-01-30T15:03:00","date_gmt":"2013-01-30T15:03:00","guid":{"rendered":"http:\/\/localhost:81\/wp1\/?p=21591"},"modified":"2013-01-30T15:03:00","modified_gmt":"2013-01-30T15:03:00","slug":"india-18","status":"publish","type":"post","link":"https:\/\/sites.ecclesia.pt\/cv\/india-18\/","title":{"rendered":"\u00cdndia"},"content":{"rendered":"<p>Crist\u00e3os no Mundo <!--more--> Apenas num ano registaram-se 135 ataques contra crist\u00e3os na \u00cdndia. No passado fim-de-semana, esse registo tr\u00e1gico foi recordado pelo \u201cconselho global dos crist\u00e3os indianos\u201d por ocasi\u00e3o do \u201cDia dos M\u00e1rtires\u201d. Este dia foi proclamado por comunidades crist\u00e3s indianas, no anivers\u00e1rio do massacre de um pastor protestante, queimado vivo por extremistas hindus com os seus dois filhos, em 1999.<\/p>\n","protected":false},"excerpt":{"rendered":"<p>Crist\u00e3os no Mundo<\/p>\n","protected":false},"author":1,"featured_media":0,"comment_status":"open","ping_status":"open","sticky":false,"template":"","format":"standard","meta":{"footnotes":""},"categories":[55],"tags":[],"class_list":["post-21591","post","type-post","status-publish","format-standard","hentry","category-igreja-no-mundo"],"_links":{"self":[{"href":"https:\/\/sites.ecclesia.pt\/cv\/wp-json\/wp\/v2\/posts\/21591","targetHints":{"allow":["GET"]}}],"collection":[{"href":"https:\/\/sites.ecclesia.pt\/cv\/wp-json\/wp\/v2\/posts"}],"about":[{"href":"https:\/\/sites.ecclesia.pt\/cv\/wp-json\/wp\/v2\/types\/post"}],"author":[{"embeddable":true,"href":"https:\/\/sites.ecclesia.pt\/cv\/wp-json\/wp\/v2\/users\/1"}],"replies":[{"embeddable":true,"href":"https:\/\/sites.ecclesia.pt\/cv\/wp-json\/wp\/v2\/comments?post=21591"}],"version-history":[{"count":0,"href":"https:\/\/sites.ecclesia.pt\/cv\/wp-json\/wp\/v2\/posts\/21591\/revisions"}],"wp:attachment":[{"href":"https:\/\/sites.ecclesia.pt\/cv\/wp-json\/wp\/v2\/media?parent=21591"}],"wp:term":[{"taxonomy":"category","embeddable":true,"href":"https:\/\/sites.ecclesia.pt\/cv\/wp-json\/wp\/v2\/categories?post=21591"},{"taxonomy":"post_tag","embeddable":true,"href":"https:\/\/sites.ecclesia.pt\/cv\/wp-json\/wp\/v2\/tags?post=21591"}],"curies":[{"name":"wp","href":"https:\/\/api.w.org\/{rel}","templated":true}]}}