{"id":21607,"date":"2013-02-06T16:08:00","date_gmt":"2013-02-06T16:08:00","guid":{"rendered":"http:\/\/localhost:81\/wp1\/?p=21607"},"modified":"2013-02-06T16:08:00","modified_gmt":"2013-02-06T16:08:00","slug":"area-da-diocese-de-aveiro-perde-29-freguesias","status":"publish","type":"post","link":"https:\/\/sites.ecclesia.pt\/cv\/area-da-diocese-de-aveiro-perde-29-freguesias\/","title":{"rendered":"\u00c1rea da Diocese de Aveiro perde 29 freguesias"},"content":{"rendered":"<p>A Diocese de Aveiro est\u00e1 em dez dos 19 concelhos do Distrito. Das 98 freguesias passa a ter 69. \u00c1gueda \u00e9 o concelho mais afetado. Perde oito freguesias.<\/p>\n<p>O Presidente da Rep\u00fablica, Cavaco Silva, promulgou a lei sobre a Reorganiza\u00e7\u00e3o Administrativa do Territ\u00f3rio das Freguesias no dia 16 de janeiro, ap\u00f3s aprova\u00e7\u00e3o na Assembleia da Rep\u00fablica no dia 21 de dezembro de 2012. A lei foi publicada no \u201cDi\u00e1rio da Rep\u00fablica\u201d de 28 de janeiro deste ano e entrou em vigor no dia seguinte. Nesse dia, sem grandes efeitos na vida das pessoas, para j\u00e1, Portugal perdeu 1165 freguesias das 4259 que tinha.<\/p>\n<p>Na \u00e1rea da Diocese de Aveiro, que engloba 10 dos 19 concelhos do Distrito de Aveiro, \u201cdesaparecem\u201d 29 freguesias. Em vez das 98 freguesias nos 10 concelhos (note-se que a Diocese tem 101 par\u00f3quias porque Pardelhas, Barra e Costa Nova s\u00e3o par\u00f3quias sem serem freguesias, visto que s\u00e3o lugares das freguesias da Murtosa, Gafanha da Nazar\u00e9 e Gafanha da Encarna\u00e7\u00e3o, respetivamente) passam a existir 69. O concelho de \u00c1gueda \u00e9 o mais afetado, enquanto os da Murtosa e \u00cdlhavo n\u00e3o sofrem altera\u00e7\u00f5es, visto que a reorganiza\u00e7\u00e3o n\u00e3o \u00e9 obrigat\u00f3ria nos concelhos com quatro ou menos freguesias.<\/p>\n<p>A reorganiza\u00e7\u00e3o, muito contestada, ter\u00e1 efeitos mais vis\u00edveis a partir das pr\u00f3ximas elei\u00e7\u00f5es aut\u00e1rquicas. Um deles ser\u00e1 a escolha da localiza\u00e7\u00e3o da sede da nova freguesia. A lei estipula que tal aconte\u00e7a \u201cno prazo de 90 dias ap\u00f3s a instala\u00e7\u00e3o dos \u00f3rg\u00e3os que resultem das elei\u00e7\u00f5es gerais das autarquias locais, a realizar em 2013\u201d, por delibera\u00e7\u00e3o da nova a assembleia de freguesia. At\u00e9 l\u00e1, vale a escolha que vem na lei (nos mapas destas p\u00e1ginas assinalou-se a negrito a sede provis\u00f3ria das novas juntas de freguesia).<\/p>\n<p>Sede na Gl\u00f3ria <\/p>\n<p>ou na Vera Cruz?<\/p>\n<p>Em Aveiro, com a uni\u00e3o das freguesias da Vera Cruz e Gl\u00f3ria, o assunto da nova sede est\u00e1 em aberto. Jo\u00e3o Barbosa, presidente da Junta de Freguesia da Vera Cruz, considera que, \u201cse houver jun\u00e7\u00e3o, devem manter-se os dois polos administrativos e criar-se uma sede no centro geogr\u00e1fico\u201d. Ressalvando que se trata de opini\u00e3o \u201cmeramente pessoal\u201d, o autarca aponta que o centro seria \u201c\u00e0 volta dos Pa\u00e7os do Concelho, [edif\u00edcio] que at\u00e9 se encontra vazio\u201d. Jo\u00e3o Barbosa \u00e9 contra a \u201cmegrafreguesia de 22 mil habitantes\u201d, pelo que a Vera Cruz colocou uma a\u00e7\u00e3o no tribunal para impugnar o processo. O mesmo fizeram as juntas de Eirol, Requeixo e Nariz. Segundo o autarca da Vera Cruz, o processo foi ilegal porque a proposta, antes de ter sido debatida na Assembleia Municipal (e aprovada pela maioria PSD-CDS\/PP) deveria ter sido analisada nas assembleias de freguesia e \u201cn\u00e3o somente nas concelhias partid\u00e1rias\u201d. \u201cTratou-se de um processo partid\u00e1rio e n\u00e3o de uma reforma democr\u00e1tica\u201d, remata.<\/p>\n<p>Fernando Marques, presidente da Junta de Freguesia da Gl\u00f3ria, n\u00e3o querendo pronunciar-se sobre onde ficar\u00e1 a sede, defende que \u201chaver\u00e1 um s\u00f3 executivo, uma contabilidade, uma administra\u00e7\u00e3o\u201d, mas com dois espa\u00e7os f\u00edsicos abertos. Recorde-se que no extremo do Parque da Sustentabilidade, perto da atual sede, est\u00e1 em constru\u00e7\u00e3o a nova sede da Junta de Freguesia. O autarca da Gl\u00f3ria contestou o processo da reorganiza\u00e7\u00e3o \u201catrav\u00e9s dos \u00f3rg\u00e3os pr\u00f3prios\u201d, mas n\u00e3o avan\u00e7a com mais a\u00e7\u00f5es. Apela, sim, a que os novos eleitos se centrem \u201cno esp\u00edrito de servir a comunidade, em proximidade, como \u00e9 pr\u00f3prio das juntas de freguesia\u201d, mantendo os dois espa\u00e7os abertos para responder aos cidad\u00e3os.<\/p>\n<p>J.P.F.<\/p>\n<p>\u00c1GUEDA. De 20, passa a ter 12 freguesias: UF \u00c1gueda e Borralha, UF Trofa, Segad\u00e3es e Lamas do Vouga; UF Belazaima do Ch\u00e3o, Castanheira do Vouga e Agad\u00e3o; UF Barr\u00f4 e Aguada de Baixo; UF Travass\u00f4 e \u00d3is da Ribeira; UF Recard\u00e3es e Espinhel; UF Pr\u00e9stimo e Macieira de Alcoba; Aguada de Cima; Fermentelos; Macinhata do Vouga; e Valongo do Vouga.<\/p>\n<p>ALBERGARIA-A-VELHA. De 8 passa a ter 6 freguesias: Albergaria-a-Velha e Valmaior; S\u00e3o Jo\u00e3o de Loure e Frossos; Alquerubim; Angeja; Branca; e Ribeira de Fr\u00e1guas.<\/p>\n<p>ANADIA. De 15 passa a ter 10 freguesias: UF Arcos e Mogofores; UF Tamengos, Aguim e \u00d3is do Bairro; UF Amoreira da G\u00e2ndara, Paredes do Bairro e Ancas; Avel\u00e3s de Caminho, Avel\u00e3s de Cima, Moita, Sangalhos, S\u00e3o Louren\u00e7o do Bairro, Vila Nova de Monsarros, Vilarinho do Bairro.<\/p>\n<p>AVEIRO. De 14 passa a ter 9: UF Gl\u00f3ria e Vera Cruz; Eixo e Eirol; Requeixo, Nossa Senhora de F\u00e1tima e Nariz; Aradas; Cacia; Esgueira; Oliveirinha; Santa Joana; S\u00e3o Bernardo; e S\u00e3o Jacinto.<\/p>\n<p>ESTARREJA. De 7 passa a 5 freguesias: UF Canelas e Fermel\u00e3; UF Bedu\u00eddo e Veiros; Avanca; Pardilh\u00f3; e Salreu.<\/p>\n<p>\u00cdLHAVO mant\u00e9m as quatro freguesias.<\/p>\n<p>MURTOSA mant\u00e9m as quatro freguesias.<\/p>\n<p>OLIVEIRA DO BAIRRO. De 6 passa a ter 4 freguesias: UF Bustos, Troviscal e Mamarrosa; Oi\u00e3; Oliveira do Bairro; e Palha\u00e7a.<\/p>\n<p>SEVER DO VOUGA. De 9 passa a ter 7 freguesias: UF Cedrim e Paradela; UF Silva Escura e Dornelas; Couto de Esteves; Pessegueiro do Vouga; Rocas do Vouga; Sever do Vouga; e Talhadas.<\/p>\n<p>VAGOS. De 11 passa a ter 8 freguesias: UF Fonte de Ange\u00e3o e Cov\u00e3o do Lobo; UF Ponte de Vagos e Santa Catarina; UF Vagos e Santo Ant\u00f3nio; Calv\u00e3o; Gafanha da Boa Hora; Ouca; Sosa; e Santo Andr\u00e9 de Vagos.<\/p>\n","protected":false},"excerpt":{"rendered":"<p>A Diocese de Aveiro est\u00e1 em dez dos 19 concelhos do Distrito. Das 98 freguesias passa a ter 69. \u00c1gueda \u00e9 o concelho mais afetado. Perde oito freguesias. O Presidente da Rep\u00fablica, Cavaco Silva, promulgou a lei sobre a Reorganiza\u00e7\u00e3o Administrativa do Territ\u00f3rio das Freguesias no dia 16 de janeiro, ap\u00f3s aprova\u00e7\u00e3o na Assembleia da [&hellip;]<\/p>\n","protected":false},"author":1,"featured_media":0,"comment_status":"open","ping_status":"open","sticky":false,"template":"","format":"standard","meta":{"footnotes":""},"categories":[38],"tags":[],"class_list":["post-21607","post","type-post","status-publish","format-standard","hentry","category-destaque"],"_links":{"self":[{"href":"https:\/\/sites.ecclesia.pt\/cv\/wp-json\/wp\/v2\/posts\/21607","targetHints":{"allow":["GET"]}}],"collection":[{"href":"https:\/\/sites.ecclesia.pt\/cv\/wp-json\/wp\/v2\/posts"}],"about":[{"href":"https:\/\/sites.ecclesia.pt\/cv\/wp-json\/wp\/v2\/types\/post"}],"author":[{"embeddable":true,"href":"https:\/\/sites.ecclesia.pt\/cv\/wp-json\/wp\/v2\/users\/1"}],"replies":[{"embeddable":true,"href":"https:\/\/sites.ecclesia.pt\/cv\/wp-json\/wp\/v2\/comments?post=21607"}],"version-history":[{"count":0,"href":"https:\/\/sites.ecclesia.pt\/cv\/wp-json\/wp\/v2\/posts\/21607\/revisions"}],"wp:attachment":[{"href":"https:\/\/sites.ecclesia.pt\/cv\/wp-json\/wp\/v2\/media?parent=21607"}],"wp:term":[{"taxonomy":"category","embeddable":true,"href":"https:\/\/sites.ecclesia.pt\/cv\/wp-json\/wp\/v2\/categories?post=21607"},{"taxonomy":"post_tag","embeddable":true,"href":"https:\/\/sites.ecclesia.pt\/cv\/wp-json\/wp\/v2\/tags?post=21607"}],"curies":[{"name":"wp","href":"https:\/\/api.w.org\/{rel}","templated":true}]}}