{"id":21612,"date":"2012-12-12T11:49:00","date_gmt":"2012-12-12T11:49:00","guid":{"rendered":"http:\/\/localhost:81\/wp1\/?p=21612"},"modified":"2012-12-12T11:49:00","modified_gmt":"2012-12-12T11:49:00","slug":"palestra-sobre-o-cemiterio-de-ilhavo","status":"publish","type":"post","link":"https:\/\/sites.ecclesia.pt\/cv\/palestra-sobre-o-cemiterio-de-ilhavo\/","title":{"rendered":"Palestra sobre o Cemit\u00e9rio de \u00cdlhavo"},"content":{"rendered":"<p>Domingos Cardoso profere no dia 15 de dezembro uma palestra sobre \u201cO Cemit\u00e9rio de \u00cdlhavo, cria\u00e7\u00e3o e desenvolvimento\u201d. O evento ter\u00e1 lugar no Sal\u00e3o Nobre Junta de Freguesia de S. Salvador, pelas 15h. O palestrante \u00e9 autor do livro \u201cPedras sem Tempo do Cemit\u00e9rio de \u00cdlhavo\u201d, lan\u00e7ado em outubro passado.<\/p>\n","protected":false},"excerpt":{"rendered":"<p>Domingos Cardoso profere no dia 15 de dezembro uma palestra sobre \u201cO Cemit\u00e9rio de \u00cdlhavo, cria\u00e7\u00e3o e desenvolvimento\u201d. O evento ter\u00e1 lugar no Sal\u00e3o Nobre Junta de Freguesia de S. Salvador, pelas 15h. O palestrante \u00e9 autor do livro \u201cPedras sem Tempo do Cemit\u00e9rio de \u00cdlhavo\u201d, lan\u00e7ado em outubro passado.<\/p>\n","protected":false},"author":1,"featured_media":0,"comment_status":"open","ping_status":"open","sticky":false,"template":"","format":"standard","meta":{"footnotes":""},"categories":[67],"tags":[],"class_list":["post-21612","post","type-post","status-publish","format-standard","hentry","category-ver-ouvir-sair"],"_links":{"self":[{"href":"https:\/\/sites.ecclesia.pt\/cv\/wp-json\/wp\/v2\/posts\/21612","targetHints":{"allow":["GET"]}}],"collection":[{"href":"https:\/\/sites.ecclesia.pt\/cv\/wp-json\/wp\/v2\/posts"}],"about":[{"href":"https:\/\/sites.ecclesia.pt\/cv\/wp-json\/wp\/v2\/types\/post"}],"author":[{"embeddable":true,"href":"https:\/\/sites.ecclesia.pt\/cv\/wp-json\/wp\/v2\/users\/1"}],"replies":[{"embeddable":true,"href":"https:\/\/sites.ecclesia.pt\/cv\/wp-json\/wp\/v2\/comments?post=21612"}],"version-history":[{"count":0,"href":"https:\/\/sites.ecclesia.pt\/cv\/wp-json\/wp\/v2\/posts\/21612\/revisions"}],"wp:attachment":[{"href":"https:\/\/sites.ecclesia.pt\/cv\/wp-json\/wp\/v2\/media?parent=21612"}],"wp:term":[{"taxonomy":"category","embeddable":true,"href":"https:\/\/sites.ecclesia.pt\/cv\/wp-json\/wp\/v2\/categories?post=21612"},{"taxonomy":"post_tag","embeddable":true,"href":"https:\/\/sites.ecclesia.pt\/cv\/wp-json\/wp\/v2\/tags?post=21612"}],"curies":[{"name":"wp","href":"https:\/\/api.w.org\/{rel}","templated":true}]}}