{"id":21613,"date":"2012-12-12T11:51:00","date_gmt":"2012-12-12T11:51:00","guid":{"rendered":"http:\/\/localhost:81\/wp1\/?p=21613"},"modified":"2012-12-12T11:51:00","modified_gmt":"2012-12-12T11:51:00","slug":"vagos-peca-dos-irmaos-grimm-no-museu-do-brincar","status":"publish","type":"post","link":"https:\/\/sites.ecclesia.pt\/cv\/vagos-peca-dos-irmaos-grimm-no-museu-do-brincar\/","title":{"rendered":"Vagos: Pe\u00e7a dos Irm\u00e3os Grimm no Museu do Brincar"},"content":{"rendered":"<p>No dia 18 de dezembro, pelas 16 horas, no audit\u00f3rio do Museu do Brincar, em Vagos, estreia a pe\u00e7a de teatro \u201cAs Voltas\u201d, da autoria dos Irm\u00e3os Grimm, numa produ\u00e7\u00e3o da Funda\u00e7\u00e3o INATEL e do Museu do Brincar. Tem encena\u00e7\u00e3o de Ana Barros e interpreta\u00e7\u00e3o dos atores Jackas e Rui Ramos.<\/p>\n<p>Os espet\u00e1culos ser\u00e3o novamente apresentados nos dias 26 de dezembro e nos dias 9, 16 e 23 de janeiro de 2013, \u00e0s 10h30 e 16h, estando sujeitos a marca\u00e7\u00e3o atrav\u00e9s da Ag\u00eancia do INATEL, em Aveiro, ou do Museu do Brincar.<\/p>\n","protected":false},"excerpt":{"rendered":"<p>No dia 18 de dezembro, pelas 16 horas, no audit\u00f3rio do Museu do Brincar, em Vagos, estreia a pe\u00e7a de teatro \u201cAs Voltas\u201d, da autoria dos Irm\u00e3os Grimm, numa produ\u00e7\u00e3o da Funda\u00e7\u00e3o INATEL e do Museu do Brincar. Tem encena\u00e7\u00e3o de Ana Barros e interpreta\u00e7\u00e3o dos atores Jackas e Rui Ramos. Os espet\u00e1culos ser\u00e3o novamente [&hellip;]<\/p>\n","protected":false},"author":1,"featured_media":0,"comment_status":"open","ping_status":"open","sticky":false,"template":"","format":"standard","meta":{"footnotes":""},"categories":[67],"tags":[],"class_list":["post-21613","post","type-post","status-publish","format-standard","hentry","category-ver-ouvir-sair"],"_links":{"self":[{"href":"https:\/\/sites.ecclesia.pt\/cv\/wp-json\/wp\/v2\/posts\/21613","targetHints":{"allow":["GET"]}}],"collection":[{"href":"https:\/\/sites.ecclesia.pt\/cv\/wp-json\/wp\/v2\/posts"}],"about":[{"href":"https:\/\/sites.ecclesia.pt\/cv\/wp-json\/wp\/v2\/types\/post"}],"author":[{"embeddable":true,"href":"https:\/\/sites.ecclesia.pt\/cv\/wp-json\/wp\/v2\/users\/1"}],"replies":[{"embeddable":true,"href":"https:\/\/sites.ecclesia.pt\/cv\/wp-json\/wp\/v2\/comments?post=21613"}],"version-history":[{"count":0,"href":"https:\/\/sites.ecclesia.pt\/cv\/wp-json\/wp\/v2\/posts\/21613\/revisions"}],"wp:attachment":[{"href":"https:\/\/sites.ecclesia.pt\/cv\/wp-json\/wp\/v2\/media?parent=21613"}],"wp:term":[{"taxonomy":"category","embeddable":true,"href":"https:\/\/sites.ecclesia.pt\/cv\/wp-json\/wp\/v2\/categories?post=21613"},{"taxonomy":"post_tag","embeddable":true,"href":"https:\/\/sites.ecclesia.pt\/cv\/wp-json\/wp\/v2\/tags?post=21613"}],"curies":[{"name":"wp","href":"https:\/\/api.w.org\/{rel}","templated":true}]}}