{"id":21615,"date":"2013-01-09T16:57:00","date_gmt":"2013-01-09T16:57:00","guid":{"rendered":"http:\/\/localhost:81\/wp1\/?p=21615"},"modified":"2013-01-09T16:57:00","modified_gmt":"2013-01-09T16:57:00","slug":"rostos-palavras-87","status":"publish","type":"post","link":"https:\/\/sites.ecclesia.pt\/cv\/rostos-palavras-87\/","title":{"rendered":"Rostos &#038; Palavras"},"content":{"rendered":"<p>T\u00eam sido \u201cpostos em pr\u00e1tica os necess\u00e1rios meios para a corre\u00e7\u00e3o de poss\u00edveis comportamentos e mesmo a erradica\u00e7\u00e3o do seu seio de pessoas que mantenham atitudes incompat\u00edveis com a sua miss\u00e3o na Igreja\u201d.<\/p>\n<p>P.e Manuel Moruj\u00e3o, porta-voz dos bispos portugueses, reagindo \u00e0s acusa\u00e7\u00f5es dirigidas pela Rede de Cuidadores, atrav\u00e9s do presidente da associa\u00e7\u00e3o, o psiquiatra \u00c1lvaro de Carvalho, segundo o qual os respons\u00e1veis cat\u00f3licos est\u00e3o a \u201centerrar a cabe\u00e7a na areia\u201d no que diz respeito ao abuso sexual de menores por membros do clero.<\/p>\n","protected":false},"excerpt":{"rendered":"<p>T\u00eam sido \u201cpostos em pr\u00e1tica os necess\u00e1rios meios para a corre\u00e7\u00e3o de poss\u00edveis comportamentos e mesmo a erradica\u00e7\u00e3o do seu seio de pessoas que mantenham atitudes incompat\u00edveis com a sua miss\u00e3o na Igreja\u201d. P.e Manuel Moruj\u00e3o, porta-voz dos bispos portugueses, reagindo \u00e0s acusa\u00e7\u00f5es dirigidas pela Rede de Cuidadores, atrav\u00e9s do presidente da associa\u00e7\u00e3o, o psiquiatra [&hellip;]<\/p>\n","protected":false},"author":1,"featured_media":0,"comment_status":"open","ping_status":"open","sticky":false,"template":"","format":"standard","meta":{"footnotes":""},"categories":[53],"tags":[],"class_list":["post-21615","post","type-post","status-publish","format-standard","hentry","category-igreja-em-portugal"],"_links":{"self":[{"href":"https:\/\/sites.ecclesia.pt\/cv\/wp-json\/wp\/v2\/posts\/21615","targetHints":{"allow":["GET"]}}],"collection":[{"href":"https:\/\/sites.ecclesia.pt\/cv\/wp-json\/wp\/v2\/posts"}],"about":[{"href":"https:\/\/sites.ecclesia.pt\/cv\/wp-json\/wp\/v2\/types\/post"}],"author":[{"embeddable":true,"href":"https:\/\/sites.ecclesia.pt\/cv\/wp-json\/wp\/v2\/users\/1"}],"replies":[{"embeddable":true,"href":"https:\/\/sites.ecclesia.pt\/cv\/wp-json\/wp\/v2\/comments?post=21615"}],"version-history":[{"count":0,"href":"https:\/\/sites.ecclesia.pt\/cv\/wp-json\/wp\/v2\/posts\/21615\/revisions"}],"wp:attachment":[{"href":"https:\/\/sites.ecclesia.pt\/cv\/wp-json\/wp\/v2\/media?parent=21615"}],"wp:term":[{"taxonomy":"category","embeddable":true,"href":"https:\/\/sites.ecclesia.pt\/cv\/wp-json\/wp\/v2\/categories?post=21615"},{"taxonomy":"post_tag","embeddable":true,"href":"https:\/\/sites.ecclesia.pt\/cv\/wp-json\/wp\/v2\/tags?post=21615"}],"curies":[{"name":"wp","href":"https:\/\/api.w.org\/{rel}","templated":true}]}}