{"id":21619,"date":"2013-01-30T14:53:00","date_gmt":"2013-01-30T14:53:00","guid":{"rendered":"http:\/\/localhost:81\/wp1\/?p=21619"},"modified":"2013-01-30T14:53:00","modified_gmt":"2013-01-30T14:53:00","slug":"ser-professor-e-trabalhar-sementes-de-futuro","status":"publish","type":"post","link":"https:\/\/sites.ecclesia.pt\/cv\/ser-professor-e-trabalhar-sementes-de-futuro\/","title":{"rendered":"Ser professor \u00e9 &#8220;trabalhar sementes&#8221; de futuro"},"content":{"rendered":"<p>F\u00f3rum EMRC <!--more--> D. Ant\u00f3nio Francisco afirmou que os professores devem transformar \u201ca escola num ch\u00e3o diferente\u201d, atrav\u00e9s de um trabalho que alie a \u201cpr\u00e1tica\u201d \u00e0 \u201csabedoria\u201d.<\/p>\n<p>O presidente da Comiss\u00e3o Episcopal da Educa\u00e7\u00e3o Crist\u00e3 e Doutrina da F\u00e9 (CEECDF) sublinhou no domingo, em F\u00e1tima, a necessidade de formar professores capazes de ajudarem as novas gera\u00e7\u00f5es a encontrarem o seu rumo na sociedade.<\/p>\n<p>No encerramento do F\u00f3rum de Educa\u00e7\u00e3o Moral e Religiosa Cat\u00f3lica (EMRC), que decorreu durante tr\u00eas dias no Semin\u00e1rio do Verbo Divino, D. Ant\u00f3nio Francisco recordou que \u201ca escola, sendo loja de sementes, \u00e9 e pode ser loja de fecundidade onde se criem novas \u00e1rvores, se fa\u00e7am e anunciem novos frutos\u201d.<\/p>\n<p>De acordo com o Bispo de Aveiro, cabe aos professores saberem \u201ctrabalhar essas sementes\u201d, que se forem orientadas para \u201cbom terreno\u201d, dar\u00e3o \u201cfrutos abundantes a seu tempo\u201d. Ao olharem para os educadores, os alunos devem ver algu\u00e9m \u201cque os ama e respeita, que despertou neles a voca\u00e7\u00e3o e que, como Jo\u00e3o Baptista, aplanou para eles caminhos e ajudou a construir o futuro\u201d, acrescentou.<\/p>\n<p>A iniciativa organizada pelo Departamento Nacional de EMRC teve como principal objetivo refor\u00e7ar a forma\u00e7\u00e3o dos agentes que trabalham nesta disciplina e contou com a presen\u00e7a de mais de 200 docentes, vindos de todas as dioceses do pa\u00eds.<\/p>\n<p>Sob o tema \u201cDescobrir a solidez da f\u00e9: Testemunho e miss\u00e3o do professor de EMRC\u201d, os participantes tiveram a oportunidade de debater quest\u00f5es relacionadas com a sua miss\u00e3o nas escolas, n\u00e3o apenas enquanto docentes mas tamb\u00e9m como evangelizadores.<\/p>\n<p>D. Ant\u00f3nio Francisco sustentou que os professores de EMRC devem ser capazes de transformar \u201ca escola num ch\u00e3o diferente\u201d, atrav\u00e9s de um trabalho que alie a \u201cpr\u00e1tica\u201d \u00e0 \u201csabedoria\u201d, que siga o rumo da \u201creflex\u00e3o, da autoavalia\u00e7\u00e3o, da partilha, do entusiasmo e da humildade\u201d e que nunca deixe de lado a rela\u00e7\u00e3o com Deus.<\/p>\n<p>Tal como \u201cn\u00e3o existem computadores que trabalhem bem sem atualiza\u00e7\u00e3o, n\u00e3o pode haver crist\u00e3os que vivam e trabalhem sem ora\u00e7\u00e3o\u201d, apontou o prelado, destacando ainda que a Igreja Cat\u00f3lica conta com os docentes de EMRC para serem \u201cevangelizadores com novo vigor, com novo entusiasmo e encanto\u201d.<\/p>\n<p>O presidente da CEECDF abordou tamb\u00e9m a rela\u00e7\u00e3o dos professores com os pa\u00eds, afirmando que \u00e9 preciso construir uma rela\u00e7\u00e3o pr\u00f3xima com os encarregados de educa\u00e7\u00e3o, aberta \u00e0 partilha de \u201csonhos, alegrias, dores e preocupa\u00e7\u00f5es\u201d.<\/p>\n<p>Aten\u00e7\u00e3o aos alunos tristes<\/p>\n<p>Na Eucaristia do \u00faltimo dia do F\u00f3rum, o bispo aveirense refor\u00e7ou que os professores s\u00e3o como um \u201clivro aberto onde os alunos leem o sentido da vida e os projetos de Deus a seu respeito\u201d.<\/p>\n<p>No atual momento que Portugal atravessa, \u201cainda existem muitos alunos tristes\u201d e s\u00f3 um \u201colhar atento e fundado no evangelho\u201d poder\u00e1 alterar este \u201colhar triste confiando num Deus que acolhe as lagrimas e ensina a viver com alegria\u201d, concluiu.<\/p>\n","protected":false},"excerpt":{"rendered":"<p>F\u00f3rum EMRC<\/p>\n","protected":false},"author":1,"featured_media":0,"comment_status":"open","ping_status":"open","sticky":false,"template":"","format":"standard","meta":{"footnotes":""},"categories":[53],"tags":[],"class_list":["post-21619","post","type-post","status-publish","format-standard","hentry","category-igreja-em-portugal"],"_links":{"self":[{"href":"https:\/\/sites.ecclesia.pt\/cv\/wp-json\/wp\/v2\/posts\/21619","targetHints":{"allow":["GET"]}}],"collection":[{"href":"https:\/\/sites.ecclesia.pt\/cv\/wp-json\/wp\/v2\/posts"}],"about":[{"href":"https:\/\/sites.ecclesia.pt\/cv\/wp-json\/wp\/v2\/types\/post"}],"author":[{"embeddable":true,"href":"https:\/\/sites.ecclesia.pt\/cv\/wp-json\/wp\/v2\/users\/1"}],"replies":[{"embeddable":true,"href":"https:\/\/sites.ecclesia.pt\/cv\/wp-json\/wp\/v2\/comments?post=21619"}],"version-history":[{"count":0,"href":"https:\/\/sites.ecclesia.pt\/cv\/wp-json\/wp\/v2\/posts\/21619\/revisions"}],"wp:attachment":[{"href":"https:\/\/sites.ecclesia.pt\/cv\/wp-json\/wp\/v2\/media?parent=21619"}],"wp:term":[{"taxonomy":"category","embeddable":true,"href":"https:\/\/sites.ecclesia.pt\/cv\/wp-json\/wp\/v2\/categories?post=21619"},{"taxonomy":"post_tag","embeddable":true,"href":"https:\/\/sites.ecclesia.pt\/cv\/wp-json\/wp\/v2\/tags?post=21619"}],"curies":[{"name":"wp","href":"https:\/\/api.w.org\/{rel}","templated":true}]}}