{"id":21622,"date":"2013-01-30T15:48:00","date_gmt":"2013-01-30T15:48:00","guid":{"rendered":"http:\/\/localhost:81\/wp1\/?p=21622"},"modified":"2013-01-30T15:48:00","modified_gmt":"2013-01-30T15:48:00","slug":"o-escandalo-do-iva-e-outras-coisas-mais","status":"publish","type":"post","link":"https:\/\/sites.ecclesia.pt\/cv\/o-escandalo-do-iva-e-outras-coisas-mais\/","title":{"rendered":"O esc\u00e2ndalo do IVA e outras coisas mais"},"content":{"rendered":"<p>Olhos na Rua <!--more--> Fui \u00e0 farm\u00e1cia, n\u00e3o para comprar cosm\u00e9ticos, mas medicamentos indispens\u00e1veis at\u00e9 ao fim do tempo que me restar. Mesmo com pre\u00e7os bonificados para idosos aposentados, o que \u00e9 uma ajuda, de uma assentada l\u00e1 ficaram 124 euros: 83 dos rem\u00e9dios e 41 do IVA\u2026 Os medicamentos necess\u00e1rios e indispens\u00e1veis pagam 23% de IVA. A gente vai \u00e0 farm\u00e1cia e observa, enquanto espera. Logo se apercebe que a receita n\u00e3o se avia toda. E, se \u00e9 gente conhecida, o que para mim \u00e9 frequente, l\u00e1 vem a queixa e o desabafo\u2026 E h\u00e1 gente que j\u00e1 nem vai comprar o indispens\u00e1vel \u00e0 sa\u00fade\u2026<\/p>\n<p>Agora, o confronto \u00e9 escandaloso. Depois de uma quez\u00edlia com as Finan\u00e7as que durou cinco anos, o Tribunal Administrativo de Almada deu senten\u00e7a a favor de uma empresa que promove espet\u00e1culos pornogr\u00e1ficos com sexo ao vivo e outras poucas vergonhas. Os visitantes pagam bilhete de entrada com 5% de IVA, porque se trata de um espet\u00e1culo art\u00edstico. O mesmo com a entrada para um concerto, ou para um jogo de futebol\u2026 Dir-se-\u00e1 que o juiz interpretou nesse sentido\u2026 Mas a interpreta\u00e7\u00e3o n\u00e3o conta com o bom senso e a repercuss\u00e3o social. Quem faz as leis para a comunidade n\u00e3o dever\u00e1 ter cuidado em prever os desvios injustos e manipula\u00e7\u00f5es da mesma?<\/p>\n<p>Uma refei\u00e7\u00e3o paga 23 % de IVA, um caf\u00e9, a mesma coisa\u2026 Por isso a pornografia, com o seu fedor, grassa por a\u00ed sem restri\u00e7\u00f5es. Os caf\u00e9s e os restaurantes, esses fecham\u2026<\/p>\n","protected":false},"excerpt":{"rendered":"<p>Olhos na Rua<\/p>\n","protected":false},"author":1,"featured_media":0,"comment_status":"open","ping_status":"open","sticky":false,"template":"","format":"standard","meta":{"footnotes":""},"categories":[62],"tags":[],"class_list":["post-21622","post","type-post","status-publish","format-standard","hentry","category-opiniao"],"_links":{"self":[{"href":"https:\/\/sites.ecclesia.pt\/cv\/wp-json\/wp\/v2\/posts\/21622","targetHints":{"allow":["GET"]}}],"collection":[{"href":"https:\/\/sites.ecclesia.pt\/cv\/wp-json\/wp\/v2\/posts"}],"about":[{"href":"https:\/\/sites.ecclesia.pt\/cv\/wp-json\/wp\/v2\/types\/post"}],"author":[{"embeddable":true,"href":"https:\/\/sites.ecclesia.pt\/cv\/wp-json\/wp\/v2\/users\/1"}],"replies":[{"embeddable":true,"href":"https:\/\/sites.ecclesia.pt\/cv\/wp-json\/wp\/v2\/comments?post=21622"}],"version-history":[{"count":0,"href":"https:\/\/sites.ecclesia.pt\/cv\/wp-json\/wp\/v2\/posts\/21622\/revisions"}],"wp:attachment":[{"href":"https:\/\/sites.ecclesia.pt\/cv\/wp-json\/wp\/v2\/media?parent=21622"}],"wp:term":[{"taxonomy":"category","embeddable":true,"href":"https:\/\/sites.ecclesia.pt\/cv\/wp-json\/wp\/v2\/categories?post=21622"},{"taxonomy":"post_tag","embeddable":true,"href":"https:\/\/sites.ecclesia.pt\/cv\/wp-json\/wp\/v2\/tags?post=21622"}],"curies":[{"name":"wp","href":"https:\/\/api.w.org\/{rel}","templated":true}]}}