{"id":21623,"date":"2013-02-06T16:12:00","date_gmt":"2013-02-06T16:12:00","guid":{"rendered":"http:\/\/localhost:81\/wp1\/?p=21623"},"modified":"2013-02-06T16:12:00","modified_gmt":"2013-02-06T16:12:00","slug":"agenda-287","status":"publish","type":"post","link":"https:\/\/sites.ecclesia.pt\/cv\/agenda-287\/","title":{"rendered":"Agenda"},"content":{"rendered":"<p>Fevereiro<\/p>\n<p>9 \u2013 Jantar de Carnaval da S\u00e9 para angaria\u00e7\u00e3o de fundos para o \u00f3rg\u00e3o de tubos<\/p>\n<p>8 \u2013 Fim das inscri\u00e7\u00f5es para a a\u00e7\u00e3o de forma\u00e7\u00e3o do ISCRA sobre \u201cO Paradigma Social da Identidade Crist\u00e3\u201d<\/p>\n<p>11 \u2013 Dia da visita (Miss\u00e3o Jubilar) \u2013 dia para visitar individualmente ou em grupo pessoas que se encontrem lares, centros de dia, hospitais, pris\u00f5es\u2026<\/p>\n<p>15 \u2013 Fim das inscri\u00e7\u00f5es para a a\u00e7\u00e3o de forma\u00e7\u00e3o do ISCRA sobre \u201cBio\u00e9tica &#8211; Horizonte t\u00e9nue entre a Esperan\u00e7a e o Desespero\u201d <\/p>\n<p>15 \u2013 Primeira catequese quaresmal: \u201cSer disc\u00edpulo de Cristo\u201d<\/p>\n","protected":false},"excerpt":{"rendered":"<p>Fevereiro 9 \u2013 Jantar de Carnaval da S\u00e9 para angaria\u00e7\u00e3o de fundos para o \u00f3rg\u00e3o de tubos 8 \u2013 Fim das inscri\u00e7\u00f5es para a a\u00e7\u00e3o de forma\u00e7\u00e3o do ISCRA sobre \u201cO Paradigma Social da Identidade Crist\u00e3\u201d 11 \u2013 Dia da visita (Miss\u00e3o Jubilar) \u2013 dia para visitar individualmente ou em grupo pessoas que se encontrem [&hellip;]<\/p>\n","protected":false},"author":1,"featured_media":0,"comment_status":"open","ping_status":"open","sticky":false,"template":"","format":"standard","meta":{"footnotes":""},"categories":[70],"tags":[],"class_list":["post-21623","post","type-post","status-publish","format-standard","hentry","category-diocese"],"_links":{"self":[{"href":"https:\/\/sites.ecclesia.pt\/cv\/wp-json\/wp\/v2\/posts\/21623","targetHints":{"allow":["GET"]}}],"collection":[{"href":"https:\/\/sites.ecclesia.pt\/cv\/wp-json\/wp\/v2\/posts"}],"about":[{"href":"https:\/\/sites.ecclesia.pt\/cv\/wp-json\/wp\/v2\/types\/post"}],"author":[{"embeddable":true,"href":"https:\/\/sites.ecclesia.pt\/cv\/wp-json\/wp\/v2\/users\/1"}],"replies":[{"embeddable":true,"href":"https:\/\/sites.ecclesia.pt\/cv\/wp-json\/wp\/v2\/comments?post=21623"}],"version-history":[{"count":0,"href":"https:\/\/sites.ecclesia.pt\/cv\/wp-json\/wp\/v2\/posts\/21623\/revisions"}],"wp:attachment":[{"href":"https:\/\/sites.ecclesia.pt\/cv\/wp-json\/wp\/v2\/media?parent=21623"}],"wp:term":[{"taxonomy":"category","embeddable":true,"href":"https:\/\/sites.ecclesia.pt\/cv\/wp-json\/wp\/v2\/categories?post=21623"},{"taxonomy":"post_tag","embeddable":true,"href":"https:\/\/sites.ecclesia.pt\/cv\/wp-json\/wp\/v2\/tags?post=21623"}],"curies":[{"name":"wp","href":"https:\/\/api.w.org\/{rel}","templated":true}]}}