{"id":21624,"date":"2013-02-06T16:12:00","date_gmt":"2013-02-06T16:12:00","guid":{"rendered":"http:\/\/localhost:81\/wp1\/?p=21624"},"modified":"2013-02-06T16:12:00","modified_gmt":"2013-02-06T16:12:00","slug":"vendedores-de-ilusoes-tem-conduzido-jovens-para-becos-sem-saida","status":"publish","type":"post","link":"https:\/\/sites.ecclesia.pt\/cv\/vendedores-de-ilusoes-tem-conduzido-jovens-para-becos-sem-saida\/","title":{"rendered":"&#8220;Vendedores de ilus\u00f5es&#8221; t\u00eam conduzido jovens &#8220;para becos sem sa\u00edda&#8221;"},"content":{"rendered":"<p>An\u00e1lise do diretor da Faculdade de Teologia na homilia da missa evocativa do Dia Nacional da Universidade Cat\u00f3lica Portuguesa, no dia 3 de fevereiro.<\/p>\n<p>O diretor da Faculdade de Teologia da Universidade Cat\u00f3lica considera que os \u201cvendedores de ilus\u00f5es e fantasias que se multiplicaram ao longo das \u00faltimas d\u00e9cadas\u201d em Portugal t\u00eam conduzido a juventude \u201cpara becos sem sa\u00edda\u201d. Os jovens t\u00eam diante de si \u201cum futuro sem heran\u00e7a e sem esperan\u00e7a, resultado de uma cultura sem Deus e sem amor\u201d, afirmou o padre Jo\u00e3o Louren\u00e7o na missa a que presidiu este domingo, em Lisboa. <\/p>\n<p>\u201cA nossa sociedade, da mesma forma que os conterr\u00e2neos de Jesus, vive uma \u00e9poca de grandes equ\u00edvocos: uns sociais e pol\u00edticos, outros econ\u00f3micos e financeiros, e outros ainda, porventura os mais gravosos, aqueles que dizem respeito ao futuro e aos fundamentos de uma verdadeira cultura humanista\u201d, frisou.<\/p>\n<p>A constru\u00e7\u00e3o de \u201cum futuro sem alicerces e sem horizontes, sem esperan\u00e7a e sem compromisso\u201d tem arrastado \u201ctodo o carrossel de consequ\u00eancias\u201d que o pa\u00eds est\u00e1 a viver, afirmou o religioso franciscano.<\/p>\n<p>Na missa evocativa do Dia Nacional da Universidade Cat\u00f3lica Portuguesa (UCP), que se assinala no primeiro domingo de fevereiro, o padre Jo\u00e3o Louren\u00e7o justificou o lema escolhido pela institui\u00e7\u00e3o para assinala a data, \u2018Educar para a Confian\u00e7a\u2019.<\/p>\n<p>O alcance daquela \u201cinterpela\u00e7\u00e3o\u201d, explicou, ultrapassa o \u00e2mbito da vida acad\u00e9mica, tornando-se \u201cum aut\u00eantico desafio que deve fazer parte das propostas sociais e culturais que urge implementar\u201d.<\/p>\n<p>A Universidade Cat\u00f3lica, que n\u00e3o pode \u201cficar parada no tempo nem deixar de competir entre as melhores\u201d, tem de \u201ceducar a partir das propostas do Evangelho\u201d para uma \u201ccultura de confian\u00e7a e n\u00e3o de suspeita\u201d, \u201cpara o empenho e o compromisso e n\u00e3o para o facilitismo\u201d, \u201cpara uma cultura marcada pela dimens\u00e3o da gratuidade, do amor, do servi\u00e7o e de comunh\u00e3o\u201d.<\/p>\n<p>Para o padre Jo\u00e3o Louren\u00e7o a Igreja Cat\u00f3lica em Portugal \u201cprecisa da Universidade para que o seu servi\u00e7o ao povo de Deus seja mais aut\u00eantico, mais humano, mais fecundo\u201d. A UCP, por seu lado, \u201ctamb\u00e9m precisa da Igreja, n\u00e3o para que esta lhe trace os objetivos ou lhe estabele\u00e7a limites, mas sim para que lhe alargue os horizontes e a fa\u00e7a crescer para al\u00e9m das salas de aula, dos laborat\u00f3rios ou dos gabinetes administrativos\u201d, acrescentou.<\/p>\n<p>O biblista lan\u00e7ou um \u201capelo e um alerta\u201d para que as comunidades cat\u00f3licas \u201csintam o desejo de aprofundar as dimens\u00f5es culturais da sua f\u00e9 e de a consolidar\u201d.<\/p>\n<p>A UCP foi fundada em 1967, tendo obtido reconhecimento oficial quatro anos depois, l\u00ea-se na p\u00e1gina da institui\u00e7\u00e3o. Nos seus 46 anos a Universidade Cat\u00f3lica Portuguesa, atualmente instalada em Lisboa (sede), Porto, Braga e Viseu, concedeu graus a mais de 20 mil alunos.<\/p>\n<p>Ag. Ecclesia<\/p>\n","protected":false},"excerpt":{"rendered":"<p>An\u00e1lise do diretor da Faculdade de Teologia na homilia da missa evocativa do Dia Nacional da Universidade Cat\u00f3lica Portuguesa, no dia 3 de fevereiro. O diretor da Faculdade de Teologia da Universidade Cat\u00f3lica considera que os \u201cvendedores de ilus\u00f5es e fantasias que se multiplicaram ao longo das \u00faltimas d\u00e9cadas\u201d em Portugal t\u00eam conduzido a juventude [&hellip;]<\/p>\n","protected":false},"author":1,"featured_media":0,"comment_status":"open","ping_status":"open","sticky":false,"template":"","format":"standard","meta":{"footnotes":""},"categories":[53],"tags":[],"class_list":["post-21624","post","type-post","status-publish","format-standard","hentry","category-igreja-em-portugal"],"_links":{"self":[{"href":"https:\/\/sites.ecclesia.pt\/cv\/wp-json\/wp\/v2\/posts\/21624","targetHints":{"allow":["GET"]}}],"collection":[{"href":"https:\/\/sites.ecclesia.pt\/cv\/wp-json\/wp\/v2\/posts"}],"about":[{"href":"https:\/\/sites.ecclesia.pt\/cv\/wp-json\/wp\/v2\/types\/post"}],"author":[{"embeddable":true,"href":"https:\/\/sites.ecclesia.pt\/cv\/wp-json\/wp\/v2\/users\/1"}],"replies":[{"embeddable":true,"href":"https:\/\/sites.ecclesia.pt\/cv\/wp-json\/wp\/v2\/comments?post=21624"}],"version-history":[{"count":0,"href":"https:\/\/sites.ecclesia.pt\/cv\/wp-json\/wp\/v2\/posts\/21624\/revisions"}],"wp:attachment":[{"href":"https:\/\/sites.ecclesia.pt\/cv\/wp-json\/wp\/v2\/media?parent=21624"}],"wp:term":[{"taxonomy":"category","embeddable":true,"href":"https:\/\/sites.ecclesia.pt\/cv\/wp-json\/wp\/v2\/categories?post=21624"},{"taxonomy":"post_tag","embeddable":true,"href":"https:\/\/sites.ecclesia.pt\/cv\/wp-json\/wp\/v2\/tags?post=21624"}],"curies":[{"name":"wp","href":"https:\/\/api.w.org\/{rel}","templated":true}]}}