{"id":21625,"date":"2013-02-06T16:13:00","date_gmt":"2013-02-06T16:13:00","guid":{"rendered":"http:\/\/localhost:81\/wp1\/?p=21625"},"modified":"2013-02-06T16:13:00","modified_gmt":"2013-02-06T16:13:00","slug":"arcebispo-oferece-dinheiro-que-recebeu-de-presente-pelos-25-anos-de-ordenacao-episcopal","status":"publish","type":"post","link":"https:\/\/sites.ecclesia.pt\/cv\/arcebispo-oferece-dinheiro-que-recebeu-de-presente-pelos-25-anos-de-ordenacao-episcopal\/","title":{"rendered":"Arcebispo oferece dinheiro que recebeu de presente pelos 25 anos de ordena\u00e7\u00e3o episcopal"},"content":{"rendered":"<p>O arcebispo de Braga anunciou que vai oferecer quase 50 mil euros a institui\u00e7\u00f5es da arquidiocese, verba correspondente \u00e0 totalidade do dinheiro que recebeu como presente pelos 25 anos de ordena\u00e7\u00e3o episcopal, celebrados em janeiro.<\/p>\n<p>Em nota publicada no s\u00edtio da arquidiocese, D. Jorge Ortiga refere que recebeu \u201cvariados objetos e doces regionais\u201d e uma \u201covelhinha\u201d, bem como 49 641  euros, correspondentes \u00e0 coleta realizada num conjunto de par\u00f3quias.<\/p>\n<p>O prelado refere ter conhecimento de que \u201chouve ren\u00fancia a coisas necess\u00e1rias para a vida de algumas pessoas e car\u00eancias das comunidades\u201d. \u201cRezo para que Deus a todos recompense e informo que destinarei a totalidade desta oferta monet\u00e1ria para causas que estimo\u201d, revela o tamb\u00e9m respons\u00e1vel ao n\u00edvel do episcopado pela coordena\u00e7\u00e3o dos organismos de a\u00e7\u00e3o social da Igreja Cat\u00f3lica.<\/p>\n<p>A Casa Sacerdotal da arquidiocese vai receber 20 mil euros, \u201cpara que os sacerdotes, doentes ou de idade avan\u00e7ada, continuem a usufruir dum fim de vida sereno e com qualidade\u201d, refere D. Jorge Ortiga, acrescentando que \u201ctudo\u201d far\u00e1 \u201cpara que nada lhes falte\u201d.<\/p>\n<p>Para o Santu\u00e1rio de Nossa Senhora do Sameiro, \u201cque enfrenta muitos encargos\u201d, s\u00e3o oferecidos 14 820 euros. \u201cA alma mariana do povo da Arquidiocese, n\u00e3o esquecendo outros santu\u00e1rios, tem aqui um carinho particular. Tamb\u00e9m a Senhora do Sameiro significa, para mim, uma devo\u00e7\u00e3o que me acompanha desde a inf\u00e2ncia\u201d, assinala o arcebispo primaz.<\/p>\n<p>A mesma quantia \u00e9 dirigida ao \u2018Fundo Partilhar com Esperan\u00e7a\u2019, \u201cque tem sido resposta a situa\u00e7\u00f5es sociais variad\u00edssimas\u201d: \u201cSe me sinto unido a todos os Arquidiocesanos, os mais pobres ou carenciados merecem-me um carinho muito particular. Nunca deixarei de pensar neles\u201d, salienta D. Jorge Ortiga.<\/p>\n","protected":false},"excerpt":{"rendered":"<p>O arcebispo de Braga anunciou que vai oferecer quase 50 mil euros a institui\u00e7\u00f5es da arquidiocese, verba correspondente \u00e0 totalidade do dinheiro que recebeu como presente pelos 25 anos de ordena\u00e7\u00e3o episcopal, celebrados em janeiro. Em nota publicada no s\u00edtio da arquidiocese, D. Jorge Ortiga refere que recebeu \u201cvariados objetos e doces regionais\u201d e uma [&hellip;]<\/p>\n","protected":false},"author":1,"featured_media":0,"comment_status":"open","ping_status":"open","sticky":false,"template":"","format":"standard","meta":{"footnotes":""},"categories":[53],"tags":[],"class_list":["post-21625","post","type-post","status-publish","format-standard","hentry","category-igreja-em-portugal"],"_links":{"self":[{"href":"https:\/\/sites.ecclesia.pt\/cv\/wp-json\/wp\/v2\/posts\/21625","targetHints":{"allow":["GET"]}}],"collection":[{"href":"https:\/\/sites.ecclesia.pt\/cv\/wp-json\/wp\/v2\/posts"}],"about":[{"href":"https:\/\/sites.ecclesia.pt\/cv\/wp-json\/wp\/v2\/types\/post"}],"author":[{"embeddable":true,"href":"https:\/\/sites.ecclesia.pt\/cv\/wp-json\/wp\/v2\/users\/1"}],"replies":[{"embeddable":true,"href":"https:\/\/sites.ecclesia.pt\/cv\/wp-json\/wp\/v2\/comments?post=21625"}],"version-history":[{"count":0,"href":"https:\/\/sites.ecclesia.pt\/cv\/wp-json\/wp\/v2\/posts\/21625\/revisions"}],"wp:attachment":[{"href":"https:\/\/sites.ecclesia.pt\/cv\/wp-json\/wp\/v2\/media?parent=21625"}],"wp:term":[{"taxonomy":"category","embeddable":true,"href":"https:\/\/sites.ecclesia.pt\/cv\/wp-json\/wp\/v2\/categories?post=21625"},{"taxonomy":"post_tag","embeddable":true,"href":"https:\/\/sites.ecclesia.pt\/cv\/wp-json\/wp\/v2\/tags?post=21625"}],"curies":[{"name":"wp","href":"https:\/\/api.w.org\/{rel}","templated":true}]}}