{"id":21626,"date":"2013-02-06T16:13:00","date_gmt":"2013-02-06T16:13:00","guid":{"rendered":"http:\/\/localhost:81\/wp1\/?p=21626"},"modified":"2013-02-06T16:13:00","modified_gmt":"2013-02-06T16:13:00","slug":"rostos-palavras-88","status":"publish","type":"post","link":"https:\/\/sites.ecclesia.pt\/cv\/rostos-palavras-88\/","title":{"rendered":"Rostos &#038; Palavras"},"content":{"rendered":"<p>A caridade crist\u00e3 deve passar \u201cpor uma resposta imediata \u00e0s necessidades, sem depend\u00eancia de partidos e ideologias, mas movida pelo cora\u00e7\u00e3o que v\u00ea e atua e por um amor gratuito que nada espera em troca\u201d.<\/p>\n<p>D. Manuel Clemente, Bispo do Porto, na jornada diocesana de Pastoral Familiar, pedindo \u00e0s fam\u00edlias cat\u00f3licas portuenses que vivam a sua f\u00e9 atrav\u00e9s de uma presen\u00e7a mais solid\u00e1ria e pr\u00f3xima junto das camadas desfavorecidas da sociedade.<\/p>\n","protected":false},"excerpt":{"rendered":"<p>A caridade crist\u00e3 deve passar \u201cpor uma resposta imediata \u00e0s necessidades, sem depend\u00eancia de partidos e ideologias, mas movida pelo cora\u00e7\u00e3o que v\u00ea e atua e por um amor gratuito que nada espera em troca\u201d. D. Manuel Clemente, Bispo do Porto, na jornada diocesana de Pastoral Familiar, pedindo \u00e0s fam\u00edlias cat\u00f3licas portuenses que vivam a [&hellip;]<\/p>\n","protected":false},"author":1,"featured_media":0,"comment_status":"open","ping_status":"open","sticky":false,"template":"","format":"standard","meta":{"footnotes":""},"categories":[53],"tags":[],"class_list":["post-21626","post","type-post","status-publish","format-standard","hentry","category-igreja-em-portugal"],"_links":{"self":[{"href":"https:\/\/sites.ecclesia.pt\/cv\/wp-json\/wp\/v2\/posts\/21626","targetHints":{"allow":["GET"]}}],"collection":[{"href":"https:\/\/sites.ecclesia.pt\/cv\/wp-json\/wp\/v2\/posts"}],"about":[{"href":"https:\/\/sites.ecclesia.pt\/cv\/wp-json\/wp\/v2\/types\/post"}],"author":[{"embeddable":true,"href":"https:\/\/sites.ecclesia.pt\/cv\/wp-json\/wp\/v2\/users\/1"}],"replies":[{"embeddable":true,"href":"https:\/\/sites.ecclesia.pt\/cv\/wp-json\/wp\/v2\/comments?post=21626"}],"version-history":[{"count":0,"href":"https:\/\/sites.ecclesia.pt\/cv\/wp-json\/wp\/v2\/posts\/21626\/revisions"}],"wp:attachment":[{"href":"https:\/\/sites.ecclesia.pt\/cv\/wp-json\/wp\/v2\/media?parent=21626"}],"wp:term":[{"taxonomy":"category","embeddable":true,"href":"https:\/\/sites.ecclesia.pt\/cv\/wp-json\/wp\/v2\/categories?post=21626"},{"taxonomy":"post_tag","embeddable":true,"href":"https:\/\/sites.ecclesia.pt\/cv\/wp-json\/wp\/v2\/tags?post=21626"}],"curies":[{"name":"wp","href":"https:\/\/api.w.org\/{rel}","templated":true}]}}