{"id":21627,"date":"2013-02-06T16:14:00","date_gmt":"2013-02-06T16:14:00","guid":{"rendered":"http:\/\/localhost:81\/wp1\/?p=21627"},"modified":"2013-02-06T16:14:00","modified_gmt":"2013-02-06T16:14:00","slug":"rostos-palavras-89","status":"publish","type":"post","link":"https:\/\/sites.ecclesia.pt\/cv\/rostos-palavras-89\/","title":{"rendered":"Rostos &#038; Palavras"},"content":{"rendered":"<p>\u201cAbundam coment\u00e1rios, an\u00e1lises, estudos sobre a situa\u00e7\u00e3o, tal como previs\u00f5es sobre o pr\u00f3ximo futuro. S\u00e3o bem-vindos, mas h\u00e1 que ir mais longe na vis\u00e3o da realidade e na resposta aos desafios\u201d.<\/p>\n<p>D. Gilberto Reis, Bispo de Set\u00fabal, na sua mensagem quaresmal, apelando \u00e0 solidariedade concreta para com idosos e desempregados.<\/p>\n","protected":false},"excerpt":{"rendered":"<p>\u201cAbundam coment\u00e1rios, an\u00e1lises, estudos sobre a situa\u00e7\u00e3o, tal como previs\u00f5es sobre o pr\u00f3ximo futuro. S\u00e3o bem-vindos, mas h\u00e1 que ir mais longe na vis\u00e3o da realidade e na resposta aos desafios\u201d. D. Gilberto Reis, Bispo de Set\u00fabal, na sua mensagem quaresmal, apelando \u00e0 solidariedade concreta para com idosos e desempregados.<\/p>\n","protected":false},"author":1,"featured_media":0,"comment_status":"open","ping_status":"open","sticky":false,"template":"","format":"standard","meta":{"footnotes":""},"categories":[53],"tags":[],"class_list":["post-21627","post","type-post","status-publish","format-standard","hentry","category-igreja-em-portugal"],"_links":{"self":[{"href":"https:\/\/sites.ecclesia.pt\/cv\/wp-json\/wp\/v2\/posts\/21627","targetHints":{"allow":["GET"]}}],"collection":[{"href":"https:\/\/sites.ecclesia.pt\/cv\/wp-json\/wp\/v2\/posts"}],"about":[{"href":"https:\/\/sites.ecclesia.pt\/cv\/wp-json\/wp\/v2\/types\/post"}],"author":[{"embeddable":true,"href":"https:\/\/sites.ecclesia.pt\/cv\/wp-json\/wp\/v2\/users\/1"}],"replies":[{"embeddable":true,"href":"https:\/\/sites.ecclesia.pt\/cv\/wp-json\/wp\/v2\/comments?post=21627"}],"version-history":[{"count":0,"href":"https:\/\/sites.ecclesia.pt\/cv\/wp-json\/wp\/v2\/posts\/21627\/revisions"}],"wp:attachment":[{"href":"https:\/\/sites.ecclesia.pt\/cv\/wp-json\/wp\/v2\/media?parent=21627"}],"wp:term":[{"taxonomy":"category","embeddable":true,"href":"https:\/\/sites.ecclesia.pt\/cv\/wp-json\/wp\/v2\/categories?post=21627"},{"taxonomy":"post_tag","embeddable":true,"href":"https:\/\/sites.ecclesia.pt\/cv\/wp-json\/wp\/v2\/tags?post=21627"}],"curies":[{"name":"wp","href":"https:\/\/api.w.org\/{rel}","templated":true}]}}