{"id":21628,"date":"2013-02-06T16:19:00","date_gmt":"2013-02-06T16:19:00","guid":{"rendered":"http:\/\/localhost:81\/wp1\/?p=21628"},"modified":"2013-02-06T16:19:00","modified_gmt":"2013-02-06T16:19:00","slug":"bento-xvi-pede-apoio-para-a-familia-e-lembra-aos-religiosos-que-devem-estar-ao-lado-dos-mais-frageis","status":"publish","type":"post","link":"https:\/\/sites.ecclesia.pt\/cv\/bento-xvi-pede-apoio-para-a-familia-e-lembra-aos-religiosos-que-devem-estar-ao-lado-dos-mais-frageis\/","title":{"rendered":"Bento XVI pede apoio para a fam\u00edlia e lembra aos religiosos que devem estar ao lado dos mais fr\u00e1geis"},"content":{"rendered":"<p>Religiosos e religiosas da Igreja Cat\u00f3lica devem mostrar ao mundo dominado por uma l\u00f3gica de efici\u00eancia a \u201csabedoria da fraqueza\u201d.<\/p>\n<p>Bento XVI uniu-se \u00e0 \u00abJornada pela Vida\u00bb que a Igreja Cat\u00f3lica na It\u00e1lia promove anualmente no primeiro domingo de fevereiro, pedindo mais apoio \u00e0s fam\u00edlias para sair da crise.<\/p>\n<p>\u201cAssocio-me aos bispos italianos, que na sua mensagem convidam a investir na vida e na fam\u00edlia, tamb\u00e9m como resposta eficaz \u00e0 atual crise\u201d, disse no domingo, ap\u00f3s a recita\u00e7\u00e3o da ora\u00e7\u00e3o do Angelus, a milhares de peregrinos reunidos na Pra\u00e7a de S\u00e3o Pedro.<\/p>\n<p>O Papa saudou o Movimento pela Vida e deixou votos de sucesso \u00e0 iniciativa denominada \u00abUm de n\u00f3s\u00bb, para que \u201ca Europa seja sempre um lugar onde cada ser humano seja tutelado na sua dignidade\u201d.<\/p>\n<p>O Papa saudou tamb\u00e9m os peregrinos de l\u00edngua alem\u00e3 e sublinhou a import\u00e2ncia de apresentar a mensagem crist\u00e3 num mundo que quer \u201cempurrar Deus\u201d para longe e se contenta com \u201crespostas f\u00e1ceis\u201d.<\/p>\n<p>Em franc\u00eas, Bento XVI pediu ora\u00e7\u00f5es por todos os religiosos e religiosas da Igreja Cat\u00f3lica, convidando os jovens a \u201couvir o chamamento do Senhor e responder-lhe com confian\u00e7a e generosidade\u201d.<\/p>\n<p>Dia do Consagrado<\/p>\n<p>No s\u00e1bado, o Papa pedira aos religiosos e religiosas da Igreja Cat\u00f3lica que mostrem ao mundo dominado por uma l\u00f3gica de efici\u00eancia a \u201csabedoria da fraqueza\u201d. \u201cNas sociedades da efici\u00eancia e do sucesso, a vossa vida marcada pela \u00abmenoridade\u00bb e pela fraqueza dos pequenos, pela emp\u00e1tica com os que n\u00e3o t\u00eam voz, torna-se um sinal evang\u00e9lico de contradi\u00e7\u00e3o\u201d, disse o Papa, na homilia da missa por ele presidida na Bas\u00edlica de S\u00e3o Pedro, perante representantes dos Institutos de Vida Consagrada e Sociedades de Vida Apost\u00f3lica.<\/p>\n<p>Bento XVI convidou os presentes a \u201cuma f\u00e9 que saiba reconhecer a sabedoria da fraqueza\u201d diante das \u201calegrias e afli\u00e7\u00f5es do tempo presente\u201d em que se fazem sentir \u201ca dureza e o peso da cruz\u201d.<\/p>\n<p>A celebra\u00e7\u00e3o iniciou-se com b\u00ean\u00e7\u00e3o e prociss\u00e3o de velas, na qual tomaram parte os superiores e superioras gerais das congrega\u00e7\u00f5es presentes. \u201cEste sinal, espec\u00edfico da tradi\u00e7\u00e3o lit\u00fargica desta festa, \u00e9 muito expressivo. Manifesta a beleza e o valor da vida consagrada como reflexo da luz de Cristo\u201d, afirmou o Papa.<\/p>\n<p>O Dia do Consagrado coincide anualmente com a festa lit\u00fargica da Apresenta\u00e7\u00e3o do Senhor, a 2 de fevereiro, quando se evoca o momento em que Jesus, com poucos dias, foi simbolicamente oferecido a Deus no templo de Jerusal\u00e9m, de acordo com as prescri\u00e7\u00f5es judaicas.<\/p>\n","protected":false},"excerpt":{"rendered":"<p>Religiosos e religiosas da Igreja Cat\u00f3lica devem mostrar ao mundo dominado por uma l\u00f3gica de efici\u00eancia a \u201csabedoria da fraqueza\u201d. Bento XVI uniu-se \u00e0 \u00abJornada pela Vida\u00bb que a Igreja Cat\u00f3lica na It\u00e1lia promove anualmente no primeiro domingo de fevereiro, pedindo mais apoio \u00e0s fam\u00edlias para sair da crise. \u201cAssocio-me aos bispos italianos, que na [&hellip;]<\/p>\n","protected":false},"author":1,"featured_media":0,"comment_status":"open","ping_status":"open","sticky":false,"template":"","format":"standard","meta":{"footnotes":""},"categories":[55],"tags":[],"class_list":["post-21628","post","type-post","status-publish","format-standard","hentry","category-igreja-no-mundo"],"_links":{"self":[{"href":"https:\/\/sites.ecclesia.pt\/cv\/wp-json\/wp\/v2\/posts\/21628","targetHints":{"allow":["GET"]}}],"collection":[{"href":"https:\/\/sites.ecclesia.pt\/cv\/wp-json\/wp\/v2\/posts"}],"about":[{"href":"https:\/\/sites.ecclesia.pt\/cv\/wp-json\/wp\/v2\/types\/post"}],"author":[{"embeddable":true,"href":"https:\/\/sites.ecclesia.pt\/cv\/wp-json\/wp\/v2\/users\/1"}],"replies":[{"embeddable":true,"href":"https:\/\/sites.ecclesia.pt\/cv\/wp-json\/wp\/v2\/comments?post=21628"}],"version-history":[{"count":0,"href":"https:\/\/sites.ecclesia.pt\/cv\/wp-json\/wp\/v2\/posts\/21628\/revisions"}],"wp:attachment":[{"href":"https:\/\/sites.ecclesia.pt\/cv\/wp-json\/wp\/v2\/media?parent=21628"}],"wp:term":[{"taxonomy":"category","embeddable":true,"href":"https:\/\/sites.ecclesia.pt\/cv\/wp-json\/wp\/v2\/categories?post=21628"},{"taxonomy":"post_tag","embeddable":true,"href":"https:\/\/sites.ecclesia.pt\/cv\/wp-json\/wp\/v2\/tags?post=21628"}],"curies":[{"name":"wp","href":"https:\/\/api.w.org\/{rel}","templated":true}]}}