{"id":21630,"date":"2013-02-06T16:21:00","date_gmt":"2013-02-06T16:21:00","guid":{"rendered":"http:\/\/localhost:81\/wp1\/?p=21630"},"modified":"2013-02-06T16:21:00","modified_gmt":"2013-02-06T16:21:00","slug":"jordania-2","status":"publish","type":"post","link":"https:\/\/sites.ecclesia.pt\/cv\/jordania-2\/","title":{"rendered":"Jord\u00e2nia"},"content":{"rendered":"<p>Crist\u00e3os no Mundo <!--more--> O cardeal Robert Sarah, presidente do Conselho Pontif\u00edcio \u2018Cor Unum\u2019, vai visitar a Jord\u00e2nia entre os dias 19 e 21 deste m\u00eas para avaliar a situa\u00e7\u00e3o dos refugiados da S\u00edria. O programa da viagem inclui um encontro em Am\u00e3 com o rei da Jord\u00e2nia, Abdullah, e os delegados da C\u00e1ritas do M\u00e9dio Oriente e Norte de \u00c1frica. O Conselho Pontif\u00edcio \u2018Cor Unum\u2019 foi institu\u00eddo em 1971 por Paulo VI para empreender iniciativas humanit\u00e1rias em caso de calamidade ou no \u00e2mbito da promo\u00e7\u00e3o humana.<\/p>\n","protected":false},"excerpt":{"rendered":"<p>Crist\u00e3os no Mundo<\/p>\n","protected":false},"author":1,"featured_media":0,"comment_status":"open","ping_status":"open","sticky":false,"template":"","format":"standard","meta":{"footnotes":""},"categories":[55],"tags":[],"class_list":["post-21630","post","type-post","status-publish","format-standard","hentry","category-igreja-no-mundo"],"_links":{"self":[{"href":"https:\/\/sites.ecclesia.pt\/cv\/wp-json\/wp\/v2\/posts\/21630","targetHints":{"allow":["GET"]}}],"collection":[{"href":"https:\/\/sites.ecclesia.pt\/cv\/wp-json\/wp\/v2\/posts"}],"about":[{"href":"https:\/\/sites.ecclesia.pt\/cv\/wp-json\/wp\/v2\/types\/post"}],"author":[{"embeddable":true,"href":"https:\/\/sites.ecclesia.pt\/cv\/wp-json\/wp\/v2\/users\/1"}],"replies":[{"embeddable":true,"href":"https:\/\/sites.ecclesia.pt\/cv\/wp-json\/wp\/v2\/comments?post=21630"}],"version-history":[{"count":0,"href":"https:\/\/sites.ecclesia.pt\/cv\/wp-json\/wp\/v2\/posts\/21630\/revisions"}],"wp:attachment":[{"href":"https:\/\/sites.ecclesia.pt\/cv\/wp-json\/wp\/v2\/media?parent=21630"}],"wp:term":[{"taxonomy":"category","embeddable":true,"href":"https:\/\/sites.ecclesia.pt\/cv\/wp-json\/wp\/v2\/categories?post=21630"},{"taxonomy":"post_tag","embeddable":true,"href":"https:\/\/sites.ecclesia.pt\/cv\/wp-json\/wp\/v2\/tags?post=21630"}],"curies":[{"name":"wp","href":"https:\/\/api.w.org\/{rel}","templated":true}]}}