{"id":21631,"date":"2013-02-06T16:22:00","date_gmt":"2013-02-06T16:22:00","guid":{"rendered":"http:\/\/localhost:81\/wp1\/?p=21631"},"modified":"2013-02-06T16:22:00","modified_gmt":"2013-02-06T16:22:00","slug":"mensagens-do-papa-na-rede-twitter-3","status":"publish","type":"post","link":"https:\/\/sites.ecclesia.pt\/cv\/mensagens-do-papa-na-rede-twitter-3\/","title":{"rendered":"Mensagens do Papa na rede Twitter"},"content":{"rendered":"<p>https:\/\/twitter.com\/pontifex_pt <!--more--> 3 de fevereiro<\/p>\n<p>Imitando a Virgem Maria, acolhamos e guardemos dentro de n\u00f3s a Palavra de Jesus, reconhecendo-O como Senhor da nossa vida.<\/p>\n<p>2 de fevereiro<\/p>\n<p>Neste dia, recordo com afetuosa estima cada consagrado e consagrada: possam seguir fielmente a Cristo na pobreza, castidade e obedi\u00eancia.<\/p>\n<p>30 de janeiro<\/p>\n<p>Todo ser humano \u00e9 amado por Deus Pai. Que ningu\u00e9m se sinta esquecido, pois o nome de cada um est\u00e1 escrito no Cora\u00e7\u00e3o amoroso do Senhor.<\/p>\n","protected":false},"excerpt":{"rendered":"<p>https:\/\/twitter.com\/pontifex_pt<\/p>\n","protected":false},"author":1,"featured_media":0,"comment_status":"open","ping_status":"open","sticky":false,"template":"","format":"standard","meta":{"footnotes":""},"categories":[55],"tags":[],"class_list":["post-21631","post","type-post","status-publish","format-standard","hentry","category-igreja-no-mundo"],"_links":{"self":[{"href":"https:\/\/sites.ecclesia.pt\/cv\/wp-json\/wp\/v2\/posts\/21631","targetHints":{"allow":["GET"]}}],"collection":[{"href":"https:\/\/sites.ecclesia.pt\/cv\/wp-json\/wp\/v2\/posts"}],"about":[{"href":"https:\/\/sites.ecclesia.pt\/cv\/wp-json\/wp\/v2\/types\/post"}],"author":[{"embeddable":true,"href":"https:\/\/sites.ecclesia.pt\/cv\/wp-json\/wp\/v2\/users\/1"}],"replies":[{"embeddable":true,"href":"https:\/\/sites.ecclesia.pt\/cv\/wp-json\/wp\/v2\/comments?post=21631"}],"version-history":[{"count":0,"href":"https:\/\/sites.ecclesia.pt\/cv\/wp-json\/wp\/v2\/posts\/21631\/revisions"}],"wp:attachment":[{"href":"https:\/\/sites.ecclesia.pt\/cv\/wp-json\/wp\/v2\/media?parent=21631"}],"wp:term":[{"taxonomy":"category","embeddable":true,"href":"https:\/\/sites.ecclesia.pt\/cv\/wp-json\/wp\/v2\/categories?post=21631"},{"taxonomy":"post_tag","embeddable":true,"href":"https:\/\/sites.ecclesia.pt\/cv\/wp-json\/wp\/v2\/tags?post=21631"}],"curies":[{"name":"wp","href":"https:\/\/api.w.org\/{rel}","templated":true}]}}