{"id":21652,"date":"2012-12-12T11:29:00","date_gmt":"2012-12-12T11:29:00","guid":{"rendered":"http:\/\/localhost:81\/wp1\/?p=21652"},"modified":"2012-12-12T11:29:00","modified_gmt":"2012-12-12T11:29:00","slug":"concerto-de-evangelizacao-em-recardaes","status":"publish","type":"post","link":"https:\/\/sites.ecclesia.pt\/cv\/concerto-de-evangelizacao-em-recardaes\/","title":{"rendered":"Concerto de evangeliza\u00e7\u00e3o em Recard\u00e3es"},"content":{"rendered":"<p>Realiza-se no dia 15 de dezembro, \u00e0s 21h, no sal\u00e3o do Centro Social Paroquial de Recard\u00e3es, um concerto de evangeliza\u00e7\u00e3o com o cantor evang\u00e9lico David Neutel e a sua banda.<\/p>\n<p>O concerto insere-se num projeto denominado \u201cP\u00e9 De(u)scal\u00e7o\u201d, criado por dois animadores da par\u00f3quia da Trofa (arciprestado de \u00c1gueda), e tem como objetivo, conforme contaram a este jornal, \u201clevar a que cada vez mais os cat\u00f3licos possam usufruir da Igreja viva e din\u00e2mica que temos\u201d. Sublinhando o car\u00e1cter ecum\u00e9nico e natal\u00edcio do concerto, os animadores trofenses convidam todos crist\u00e3os a participar no concerto.<\/p>\n","protected":false},"excerpt":{"rendered":"<p>Realiza-se no dia 15 de dezembro, \u00e0s 21h, no sal\u00e3o do Centro Social Paroquial de Recard\u00e3es, um concerto de evangeliza\u00e7\u00e3o com o cantor evang\u00e9lico David Neutel e a sua banda. O concerto insere-se num projeto denominado \u201cP\u00e9 De(u)scal\u00e7o\u201d, criado por dois animadores da par\u00f3quia da Trofa (arciprestado de \u00c1gueda), e tem como objetivo, conforme contaram [&hellip;]<\/p>\n","protected":false},"author":1,"featured_media":0,"comment_status":"open","ping_status":"open","sticky":false,"template":"","format":"standard","meta":{"footnotes":""},"categories":[70],"tags":[],"class_list":["post-21652","post","type-post","status-publish","format-standard","hentry","category-diocese"],"_links":{"self":[{"href":"https:\/\/sites.ecclesia.pt\/cv\/wp-json\/wp\/v2\/posts\/21652","targetHints":{"allow":["GET"]}}],"collection":[{"href":"https:\/\/sites.ecclesia.pt\/cv\/wp-json\/wp\/v2\/posts"}],"about":[{"href":"https:\/\/sites.ecclesia.pt\/cv\/wp-json\/wp\/v2\/types\/post"}],"author":[{"embeddable":true,"href":"https:\/\/sites.ecclesia.pt\/cv\/wp-json\/wp\/v2\/users\/1"}],"replies":[{"embeddable":true,"href":"https:\/\/sites.ecclesia.pt\/cv\/wp-json\/wp\/v2\/comments?post=21652"}],"version-history":[{"count":0,"href":"https:\/\/sites.ecclesia.pt\/cv\/wp-json\/wp\/v2\/posts\/21652\/revisions"}],"wp:attachment":[{"href":"https:\/\/sites.ecclesia.pt\/cv\/wp-json\/wp\/v2\/media?parent=21652"}],"wp:term":[{"taxonomy":"category","embeddable":true,"href":"https:\/\/sites.ecclesia.pt\/cv\/wp-json\/wp\/v2\/categories?post=21652"},{"taxonomy":"post_tag","embeddable":true,"href":"https:\/\/sites.ecclesia.pt\/cv\/wp-json\/wp\/v2\/tags?post=21652"}],"curies":[{"name":"wp","href":"https:\/\/api.w.org\/{rel}","templated":true}]}}