{"id":21655,"date":"2012-12-12T11:49:00","date_gmt":"2012-12-12T11:49:00","guid":{"rendered":"http:\/\/localhost:81\/wp1\/?p=21655"},"modified":"2012-12-12T11:49:00","modified_gmt":"2012-12-12T11:49:00","slug":"o-feiticeiro-de-oz-em-eixo","status":"publish","type":"post","link":"https:\/\/sites.ecclesia.pt\/cv\/o-feiticeiro-de-oz-em-eixo\/","title":{"rendered":"\u201cO Feiticeiro de Oz\u201d em Eixo"},"content":{"rendered":"<p>A inesquec\u00edvel hist\u00f3ria da menina que percorre a estrada dos tijolos amarelos para conseguir voltar para casa encantou gera\u00e7\u00f5es de crian\u00e7as e adultos por todo o mundo. A fantasia regressa nesta quadra natal\u00edcia pela m\u00e3o do Grupo Cultural Semente, de Eixo. A pe\u00e7a \u201cO Feiticeiro de Oz\u201d, com adapta\u00e7\u00e3o e encena\u00e7\u00e3o de Pedro Esteves, sobe ao palco do Centro Cultural de Eixo no dia 22 de dezembro, \u00e0s 21h30.<\/p>\n","protected":false},"excerpt":{"rendered":"<p>A inesquec\u00edvel hist\u00f3ria da menina que percorre a estrada dos tijolos amarelos para conseguir voltar para casa encantou gera\u00e7\u00f5es de crian\u00e7as e adultos por todo o mundo. A fantasia regressa nesta quadra natal\u00edcia pela m\u00e3o do Grupo Cultural Semente, de Eixo. A pe\u00e7a \u201cO Feiticeiro de Oz\u201d, com adapta\u00e7\u00e3o e encena\u00e7\u00e3o de Pedro Esteves, sobe [&hellip;]<\/p>\n","protected":false},"author":1,"featured_media":0,"comment_status":"open","ping_status":"open","sticky":false,"template":"","format":"standard","meta":{"footnotes":""},"categories":[67],"tags":[],"class_list":["post-21655","post","type-post","status-publish","format-standard","hentry","category-ver-ouvir-sair"],"_links":{"self":[{"href":"https:\/\/sites.ecclesia.pt\/cv\/wp-json\/wp\/v2\/posts\/21655","targetHints":{"allow":["GET"]}}],"collection":[{"href":"https:\/\/sites.ecclesia.pt\/cv\/wp-json\/wp\/v2\/posts"}],"about":[{"href":"https:\/\/sites.ecclesia.pt\/cv\/wp-json\/wp\/v2\/types\/post"}],"author":[{"embeddable":true,"href":"https:\/\/sites.ecclesia.pt\/cv\/wp-json\/wp\/v2\/users\/1"}],"replies":[{"embeddable":true,"href":"https:\/\/sites.ecclesia.pt\/cv\/wp-json\/wp\/v2\/comments?post=21655"}],"version-history":[{"count":0,"href":"https:\/\/sites.ecclesia.pt\/cv\/wp-json\/wp\/v2\/posts\/21655\/revisions"}],"wp:attachment":[{"href":"https:\/\/sites.ecclesia.pt\/cv\/wp-json\/wp\/v2\/media?parent=21655"}],"wp:term":[{"taxonomy":"category","embeddable":true,"href":"https:\/\/sites.ecclesia.pt\/cv\/wp-json\/wp\/v2\/categories?post=21655"},{"taxonomy":"post_tag","embeddable":true,"href":"https:\/\/sites.ecclesia.pt\/cv\/wp-json\/wp\/v2\/tags?post=21655"}],"curies":[{"name":"wp","href":"https:\/\/api.w.org\/{rel}","templated":true}]}}